{"id":67986,"date":"2023-11-13T19:25:21","date_gmt":"2023-11-13T22:25:21","guid":{"rendered":"https:\/\/www.todoeldia.com\/?p=67986"},"modified":"2023-11-13T19:32:10","modified_gmt":"2023-11-13T22:32:10","slug":"los-chocolate-saltenos-de-la-campora-de-salta-en-el-pami-y-anses-van-a-juicio-por-peculado","status":"publish","type":"post","link":"https:\/\/www.todoeldia.com\/index.php\/2023\/11\/13\/los-chocolate-saltenos-de-la-campora-de-salta-en-el-pami-y-anses-van-a-juicio-por-peculado\/","title":{"rendered":"Los \u201cchocolate\u201d salte\u00f1os de la C\u00e1mpora de Salta en el Pami y Anses van a juicio por peculado"},"content":{"rendered":"\n<p>El pr\u00f3ximo 30 de noviembre se iniciar\u00e1 el juicio contra los ex funcionarios kirchneristas Ver\u00f3nica Molina, ex directora del PAMI en Salta, y el ex asesor de la ANSES local, Marcos Vera Ram\u00edrez imputados por concusi\u00f3n agravada, malversaci\u00f3n de caudales y peculado.<\/p>\n\n\n\n<figure class=\"wp-block-image size-large\"><img loading=\"lazy\" decoding=\"async\" width=\"1024\" height=\"545\" src=\"https:\/\/www.todoeldia.com\/wp-content\/uploads\/2021\/12\/pami-salta-1024x545.jpg\" alt=\"\" class=\"wp-image-31908\" srcset=\"https:\/\/www.todoeldia.com\/wp-content\/uploads\/2021\/12\/pami-salta-1024x545.jpg 1024w, https:\/\/www.todoeldia.com\/wp-content\/uploads\/2021\/12\/pami-salta-300x160.jpg 300w, https:\/\/www.todoeldia.com\/wp-content\/uploads\/2021\/12\/pami-salta-768x409.jpg 768w, https:\/\/www.todoeldia.com\/wp-content\/uploads\/2021\/12\/pami-salta-696x371.jpg 696w, https:\/\/www.todoeldia.com\/wp-content\/uploads\/2021\/12\/pami-salta-1068x569.jpg 1068w, https:\/\/www.todoeldia.com\/wp-content\/uploads\/2021\/12\/pami-salta-789x420.jpg 789w, https:\/\/www.todoeldia.com\/wp-content\/uploads\/2021\/12\/pami-salta.jpg 1127w\" sizes=\"auto, (max-width: 1024px) 100vw, 1024px\" \/><\/figure>\n\n\n\n<p>Los propios militantes kirchneristas los hab\u00edan acusado de retenerles el 20 % de los sueldos.<\/p>\n\n\n\n<p>Fueron denunciados durante la pandemia en el mismo momento en que otros funcionarios p\u00fablicos fueron descubiertos cobrando de manera indebida la ayuda econ\u00f3mica nacional del IFE (Ingreso Familiar de Emergencia).<\/p>\n\n\n\n<figure class=\"wp-block-image size-full is-resized\"><img loading=\"lazy\" decoding=\"async\" src=\"https:\/\/www.todoeldia.com\/wp-content\/uploads\/2022\/11\/anses-refuerzo-alimentario.jpg\" alt=\"\" class=\"wp-image-48459\" style=\"width:1068px;height:450px\" width=\"1068\" height=\"450\"\/><\/figure>\n\n\n\n<p>Los acusados hab\u00edan contado que estaban obligados a realizar &#8220;aportes&#8221; a La C\u00e1mpora, tras lo cual, el fiscal federal Ricardo Toranzos, a cargo del \u00c1rea de Casos Complejos de la Unidad Fiscal Salta, inici\u00f3 una investigaci\u00f3n que dejo al descubierto una serie de irregularidades.<\/p>\n\n\n\n<p>En el peritaje del tel\u00e9fono celular de una de las exgerentes juzgada por el IFE comprob\u00f3 que la exigencia del pago del 20% proven\u00edan de n\u00fameros telef\u00f3nicos pertenecientes a Vera y Molina.<\/p>\n","protected":false},"excerpt":{"rendered":"<p>El pr\u00f3ximo 30 de noviembre se iniciar\u00e1 el juicio contra los ex funcionarios kirchneristas Ver\u00f3nica Molina, ex directora del PAMI en Salta, y el ex asesor de la ANSES local, Marcos Vera Ram\u00edrez imputados por concusi\u00f3n agravada, malversaci\u00f3n de caudales y peculado. Los propios militantes kirchneristas los hab\u00edan acusado de retenerles el 20 % de [&hellip;]<\/p>\n","protected":false},"author":2,"featured_media":67987,"comment_status":"open","ping_status":"open","sticky":false,"template":"","format":"standard","meta":{"tdm_status":"","tdm_grid_status":"","_joinchat":[],"footnotes":""},"categories":[63],"tags":[],"class_list":{"0":"post-67986","1":"post","2":"type-post","3":"status-publish","4":"format-standard","5":"has-post-thumbnail","7":"category-policiales"},"amp_enabled":true,"_links":{"self":[{"href":"https:\/\/www.todoeldia.com\/index.php\/wp-json\/wp\/v2\/posts\/67986","targetHints":{"allow":["GET"]}}],"collection":[{"href":"https:\/\/www.todoeldia.com\/index.php\/wp-json\/wp\/v2\/posts"}],"about":[{"href":"https:\/\/www.todoeldia.com\/index.php\/wp-json\/wp\/v2\/types\/post"}],"author":[{"embeddable":true,"href":"https:\/\/www.todoeldia.com\/index.php\/wp-json\/wp\/v2\/users\/2"}],"replies":[{"embeddable":true,"href":"https:\/\/www.todoeldia.com\/index.php\/wp-json\/wp\/v2\/comments?post=67986"}],"version-history":[{"count":2,"href":"https:\/\/www.todoeldia.com\/index.php\/wp-json\/wp\/v2\/posts\/67986\/revisions"}],"predecessor-version":[{"id":67990,"href":"https:\/\/www.todoeldia.com\/index.php\/wp-json\/wp\/v2\/posts\/67986\/revisions\/67990"}],"wp:featuredmedia":[{"embeddable":true,"href":"https:\/\/www.todoeldia.com\/index.php\/wp-json\/wp\/v2\/media\/67987"}],"wp:attachment":[{"href":"https:\/\/www.todoeldia.com\/index.php\/wp-json\/wp\/v2\/media?parent=67986"}],"wp:term":[{"taxonomy":"category","embeddable":true,"href":"https:\/\/www.todoeldia.com\/index.php\/wp-json\/wp\/v2\/categories?post=67986"},{"taxonomy":"post_tag","embeddable":true,"href":"https:\/\/www.todoeldia.com\/index.php\/wp-json\/wp\/v2\/tags?post=67986"}],"curies":[{"name":"wp","href":"https:\/\/api.w.org\/{rel}","templated":true}]}}