{"id":67993,"date":"2023-11-13T19:43:26","date_gmt":"2023-11-13T22:43:26","guid":{"rendered":"https:\/\/www.todoeldia.com\/?p=67993"},"modified":"2023-11-13T19:43:28","modified_gmt":"2023-11-13T22:43:28","slug":"sera-verdad-morena-rial-denuncio-que-le-sacaron-casi-9-millones-de-su-departamento","status":"publish","type":"post","link":"https:\/\/www.todoeldia.com\/index.php\/2023\/11\/13\/sera-verdad-morena-rial-denuncio-que-le-sacaron-casi-9-millones-de-su-departamento\/","title":{"rendered":"\u00bfSera verdad? Morena Rial denunci\u00f3 que le sacaron casi $ 9 millones de su departamento"},"content":{"rendered":"\n<p>Ocurri\u00f3 en el domicilio que tiene en un edificio ubicado en calle Belgrano al 100, en pleno centro de la capital cordobesa.<\/p>\n\n\n\n<p>Morena Rial volvi\u00f3 a ser protagonista de un hecho policial, aunque en este caso como v\u00edctima. La hija del conductor televisivo Jorge Rial, que desde hace varios a\u00f1os fij\u00f3 residencia en C\u00f3rdoba, denunci\u00f3 un asalto millonario ocurrido en su departamento ubicado en calle Belgrano al 100, del Centro de esta Capital.<\/p>\n\n\n\n<p>Morena Rial volvi\u00f3 a ser protagonista de un hecho policial, aunque en este caso como v\u00edctima. La hija del conductor televisivo Jorge Rial, que desde hace varios a\u00f1os fij\u00f3 residencia en C\u00f3rdoba, denunci\u00f3 un asalto millonario ocurrido en su departamento ubicado en calle Belgrano al 100, del Centro de esta Capital.<\/p>\n\n\n\n<p>De acuerdo con lo informado por Cadena 3, la joven se present\u00f3 en la Polic\u00eda y asegur\u00f3 que este domingo por la tarde ingresaron a su domicilio forzando la puerta de ingreso del edificio, la de su vivienda y le abrieron la caja de seguridad que tiene en su interior.<\/p>\n\n\n\n<p>Siempre seg\u00fan sus dichos. se llevaron de all\u00ed 8.000 d\u00f3lares en efectivo (unos 8 millones a valor de d\u00f3lar blue) y 875 mil pesos. Adem\u00e1s, los ladrones se habr\u00edan apoderado de una PlayStation, cuatro celulares, y computadoras.<\/p>\n","protected":false},"excerpt":{"rendered":"<p>Ocurri\u00f3 en el domicilio que tiene en un edificio ubicado en calle Belgrano al 100, en pleno centro de la capital cordobesa. Morena Rial volvi\u00f3 a ser protagonista de un hecho policial, aunque en este caso como v\u00edctima. La hija del conductor televisivo Jorge Rial, que desde hace varios a\u00f1os fij\u00f3 residencia en C\u00f3rdoba, denunci\u00f3 [&hellip;]<\/p>\n","protected":false},"author":2,"featured_media":67994,"comment_status":"open","ping_status":"open","sticky":false,"template":"","format":"standard","meta":{"tdm_status":"","tdm_grid_status":"","_joinchat":[],"footnotes":""},"categories":[73],"tags":[],"class_list":{"0":"post-67993","1":"post","2":"type-post","3":"status-publish","4":"format-standard","5":"has-post-thumbnail","7":"category-noticias-general"},"amp_enabled":true,"_links":{"self":[{"href":"https:\/\/www.todoeldia.com\/index.php\/wp-json\/wp\/v2\/posts\/67993","targetHints":{"allow":["GET"]}}],"collection":[{"href":"https:\/\/www.todoeldia.com\/index.php\/wp-json\/wp\/v2\/posts"}],"about":[{"href":"https:\/\/www.todoeldia.com\/index.php\/wp-json\/wp\/v2\/types\/post"}],"author":[{"embeddable":true,"href":"https:\/\/www.todoeldia.com\/index.php\/wp-json\/wp\/v2\/users\/2"}],"replies":[{"embeddable":true,"href":"https:\/\/www.todoeldia.com\/index.php\/wp-json\/wp\/v2\/comments?post=67993"}],"version-history":[{"count":1,"href":"https:\/\/www.todoeldia.com\/index.php\/wp-json\/wp\/v2\/posts\/67993\/revisions"}],"predecessor-version":[{"id":67995,"href":"https:\/\/www.todoeldia.com\/index.php\/wp-json\/wp\/v2\/posts\/67993\/revisions\/67995"}],"wp:featuredmedia":[{"embeddable":true,"href":"https:\/\/www.todoeldia.com\/index.php\/wp-json\/wp\/v2\/media\/67994"}],"wp:attachment":[{"href":"https:\/\/www.todoeldia.com\/index.php\/wp-json\/wp\/v2\/media?parent=67993"}],"wp:term":[{"taxonomy":"category","embeddable":true,"href":"https:\/\/www.todoeldia.com\/index.php\/wp-json\/wp\/v2\/categories?post=67993"},{"taxonomy":"post_tag","embeddable":true,"href":"https:\/\/www.todoeldia.com\/index.php\/wp-json\/wp\/v2\/tags?post=67993"}],"curies":[{"name":"wp","href":"https:\/\/api.w.org\/{rel}","templated":true}]}}