{"id":68034,"date":"2023-11-14T14:33:33","date_gmt":"2023-11-14T17:33:33","guid":{"rendered":"https:\/\/www.todoeldia.com\/?p=68034"},"modified":"2023-11-14T14:33:40","modified_gmt":"2023-11-14T17:33:40","slug":"un-detenido-por-el-homicidio-del-joven-de-21-anos-en-oran","status":"publish","type":"post","link":"https:\/\/www.todoeldia.com\/index.php\/2023\/11\/14\/un-detenido-por-el-homicidio-del-joven-de-21-anos-en-oran\/","title":{"rendered":"Un detenido por el homicidio del joven de 21 a\u00f1os en Or\u00e1n"},"content":{"rendered":"\n<p>El hecho se produjo durante la tarde de este lunes, cuando un hombre de 21 a\u00f1os result\u00f3 herido con un arma blanca y falleci\u00f3 antes de poder ser asistido. El sospechoso fue detenido y ser\u00e1 imputado en las pr\u00f3ximas horas.<\/p>\n\n\n\n<p>La Fiscal\u00eda Penal de la Unidad de Graves Atentados contra las Personas de Or\u00e1n, inform\u00f3 la detenci\u00f3n de un hombre de 23 a\u00f1os como principal sospechoso del homicidio de un joven de 21 a\u00f1os, ocurrido este lunes en barrio Caballito de esa ciudad.<\/p>\n\n\n\n<p>Seg\u00fan pudo conocerse, el acusado y el fallecido habr\u00edan mantenido una pelea, donde este \u00faltimo fue herido con un arma blanca y falleci\u00f3 en la v\u00eda p\u00fablica.<\/p>\n\n\n\n<p>Desde la Fiscal\u00eda se dispuso el cumplimiento de las medidas de rigor en el lugar y el cuerpo fue trasladado al Servicio de Tanatolog\u00eda Forense del CIF para realizar la autopsia.<\/p>\n\n\n\n<p>Personal de la Unidad de Investigaci\u00f3n UGAP Or\u00e1n logr\u00f3 individualizar al acusado como el principal sospechoso del hecho investigado y se produjo su detenci\u00f3n horas despu\u00e9s con el secuestro de elementos de inter\u00e9s para la causa.<\/p>\n","protected":false},"excerpt":{"rendered":"<p>El hecho se produjo durante la tarde de este lunes, cuando un hombre de 21 a\u00f1os result\u00f3 herido con un arma blanca y falleci\u00f3 antes de poder ser asistido. El sospechoso fue detenido y ser\u00e1 imputado en las pr\u00f3ximas horas. La Fiscal\u00eda Penal de la Unidad de Graves Atentados contra las Personas de Or\u00e1n, inform\u00f3 [&hellip;]<\/p>\n","protected":false},"author":2,"featured_media":4407,"comment_status":"open","ping_status":"open","sticky":false,"template":"","format":"standard","meta":{"tdm_status":"","tdm_grid_status":"","_joinchat":[],"footnotes":""},"categories":[63],"tags":[],"class_list":{"0":"post-68034","1":"post","2":"type-post","3":"status-publish","4":"format-standard","5":"has-post-thumbnail","7":"category-policiales"},"amp_enabled":true,"_links":{"self":[{"href":"https:\/\/www.todoeldia.com\/index.php\/wp-json\/wp\/v2\/posts\/68034","targetHints":{"allow":["GET"]}}],"collection":[{"href":"https:\/\/www.todoeldia.com\/index.php\/wp-json\/wp\/v2\/posts"}],"about":[{"href":"https:\/\/www.todoeldia.com\/index.php\/wp-json\/wp\/v2\/types\/post"}],"author":[{"embeddable":true,"href":"https:\/\/www.todoeldia.com\/index.php\/wp-json\/wp\/v2\/users\/2"}],"replies":[{"embeddable":true,"href":"https:\/\/www.todoeldia.com\/index.php\/wp-json\/wp\/v2\/comments?post=68034"}],"version-history":[{"count":1,"href":"https:\/\/www.todoeldia.com\/index.php\/wp-json\/wp\/v2\/posts\/68034\/revisions"}],"predecessor-version":[{"id":68035,"href":"https:\/\/www.todoeldia.com\/index.php\/wp-json\/wp\/v2\/posts\/68034\/revisions\/68035"}],"wp:featuredmedia":[{"embeddable":true,"href":"https:\/\/www.todoeldia.com\/index.php\/wp-json\/wp\/v2\/media\/4407"}],"wp:attachment":[{"href":"https:\/\/www.todoeldia.com\/index.php\/wp-json\/wp\/v2\/media?parent=68034"}],"wp:term":[{"taxonomy":"category","embeddable":true,"href":"https:\/\/www.todoeldia.com\/index.php\/wp-json\/wp\/v2\/categories?post=68034"},{"taxonomy":"post_tag","embeddable":true,"href":"https:\/\/www.todoeldia.com\/index.php\/wp-json\/wp\/v2\/tags?post=68034"}],"curies":[{"name":"wp","href":"https:\/\/api.w.org\/{rel}","templated":true}]}}