{"id":68036,"date":"2023-11-14T14:40:43","date_gmt":"2023-11-14T17:40:43","guid":{"rendered":"https:\/\/www.todoeldia.com\/?p=68036"},"modified":"2023-11-14T14:40:50","modified_gmt":"2023-11-14T17:40:50","slug":"tenia-sexo-con-una-menor-de-14-anos-en-la-camioneta-lo-descubrio-la-policia-en-oran","status":"publish","type":"post","link":"https:\/\/www.todoeldia.com\/index.php\/2023\/11\/14\/tenia-sexo-con-una-menor-de-14-anos-en-la-camioneta-lo-descubrio-la-policia-en-oran\/","title":{"rendered":"Ten\u00eda sexo con una menor de 14 a\u00f1os en la camioneta: lo descubri\u00f3 la Polic\u00eda en Or\u00e1n"},"content":{"rendered":"\n<p>El individuo, de 29 a\u00f1os, fue hallado en un veh\u00edculo con una menor de 14 a\u00f1os. La familia de la adolescente no radic\u00f3 denuncia.<\/p>\n\n\n\n<p>La fiscal interina de la Fiscal\u00eda de Violencia Familiar y de G\u00e9nero de Or\u00e1n, Claudia Carreras, imput\u00f3 provisionalmente a un hombre de 29 a\u00f1os por el delito de abuso sexual con acceso carnal agravado por aprovechamiento de la inmadurez sexual de la v\u00edctima por su minor\u00eda de edad en raz\u00f3n de la mayor\u00eda de edad del autor.<\/p>\n\n\n\n<p>La Fiscal\u00eda tom\u00f3 intervenci\u00f3n luego de que una patrulla de la Polic\u00eda de Salta detectara un veh\u00edculo estacionado en una ruta de Or\u00e1n. Al acercarse, observaron a dos personas sin su vestimenta, por lo que les solicitaron que descendieran del veh\u00edculo para ser identificadas. Aunque la mujer afirm\u00f3 tener 17 a\u00f1os, su apariencia f\u00edsica suger\u00eda una edad inferior, lo que condujo a su traslado a la Comisar\u00eda y se convoc\u00f3 a sus tutores para brindar la debida asistencia.<\/p>\n\n\n\n<p>Un hermano de la adolescente inform\u00f3 que la adolescente tiene 14 a\u00f1os, pero ni \u00e9l ni los padres de la menor de edad efectuaron denuncia.<\/p>\n\n\n\n<p>Pese a la ausencia de denuncia, la fiscal Carreras imput\u00f3 provisionalmente al hombre, invocando el inciso a del art\u00edculo 72 de la ley 27.445 que establece que: \u201cson acciones de dependencia privada las que nacen de los siguientes delitos: a) cuando la v\u00edctima fuere menor de 18 a\u00f1os o haya sido declarada incapaz\u201d<\/p>\n","protected":false},"excerpt":{"rendered":"<p>El individuo, de 29 a\u00f1os, fue hallado en un veh\u00edculo con una menor de 14 a\u00f1os. La familia de la adolescente no radic\u00f3 denuncia. La fiscal interina de la Fiscal\u00eda de Violencia Familiar y de G\u00e9nero de Or\u00e1n, Claudia Carreras, imput\u00f3 provisionalmente a un hombre de 29 a\u00f1os por el delito de abuso sexual con [&hellip;]<\/p>\n","protected":false},"author":2,"featured_media":68037,"comment_status":"open","ping_status":"open","sticky":false,"template":"","format":"standard","meta":{"tdm_status":"","tdm_grid_status":"","_joinchat":[],"footnotes":""},"categories":[63],"tags":[],"class_list":{"0":"post-68036","1":"post","2":"type-post","3":"status-publish","4":"format-standard","5":"has-post-thumbnail","7":"category-policiales"},"amp_enabled":true,"_links":{"self":[{"href":"https:\/\/www.todoeldia.com\/index.php\/wp-json\/wp\/v2\/posts\/68036","targetHints":{"allow":["GET"]}}],"collection":[{"href":"https:\/\/www.todoeldia.com\/index.php\/wp-json\/wp\/v2\/posts"}],"about":[{"href":"https:\/\/www.todoeldia.com\/index.php\/wp-json\/wp\/v2\/types\/post"}],"author":[{"embeddable":true,"href":"https:\/\/www.todoeldia.com\/index.php\/wp-json\/wp\/v2\/users\/2"}],"replies":[{"embeddable":true,"href":"https:\/\/www.todoeldia.com\/index.php\/wp-json\/wp\/v2\/comments?post=68036"}],"version-history":[{"count":1,"href":"https:\/\/www.todoeldia.com\/index.php\/wp-json\/wp\/v2\/posts\/68036\/revisions"}],"predecessor-version":[{"id":68038,"href":"https:\/\/www.todoeldia.com\/index.php\/wp-json\/wp\/v2\/posts\/68036\/revisions\/68038"}],"wp:featuredmedia":[{"embeddable":true,"href":"https:\/\/www.todoeldia.com\/index.php\/wp-json\/wp\/v2\/media\/68037"}],"wp:attachment":[{"href":"https:\/\/www.todoeldia.com\/index.php\/wp-json\/wp\/v2\/media?parent=68036"}],"wp:term":[{"taxonomy":"category","embeddable":true,"href":"https:\/\/www.todoeldia.com\/index.php\/wp-json\/wp\/v2\/categories?post=68036"},{"taxonomy":"post_tag","embeddable":true,"href":"https:\/\/www.todoeldia.com\/index.php\/wp-json\/wp\/v2\/tags?post=68036"}],"curies":[{"name":"wp","href":"https:\/\/api.w.org\/{rel}","templated":true}]}}