{"id":68056,"date":"2023-11-14T15:30:58","date_gmt":"2023-11-14T18:30:58","guid":{"rendered":"https:\/\/www.todoeldia.com\/?p=68056"},"modified":"2023-11-14T15:31:01","modified_gmt":"2023-11-14T18:31:01","slug":"las-impactantes-imagenes-de-una-ciudad-volcanica-que-tuvo-que-ser-evacuada-porque-se-esta-partiendo-en-dos","status":"publish","type":"post","link":"https:\/\/www.todoeldia.com\/index.php\/2023\/11\/14\/las-impactantes-imagenes-de-una-ciudad-volcanica-que-tuvo-que-ser-evacuada-porque-se-esta-partiendo-en-dos\/","title":{"rendered":"Las impactantes im\u00e1genes de una ciudad volc\u00e1nica que tuvo que ser evacuada porque se est\u00e1 partiendo en dos"},"content":{"rendered":"\n<p>El fen\u00f3meno tiene lugar en Grindavik, Islandia, debido a los continuos s\u00edsmos provocados por la actividad subterr\u00e1nea en la zona. La grieta tiene 15 kil\u00f3metros.<\/p>\n\n\n\n<figure class=\"wp-block-embed is-type-video is-provider-youtube wp-block-embed-youtube wp-embed-aspect-16-9 wp-has-aspect-ratio\"><div class=\"wp-block-embed__wrapper\">\n<iframe loading=\"lazy\" title=\"Riesgo de erupci\u00f3n volc\u00e1nica obliga a evacuar ciudad en Islandia\" width=\"696\" height=\"392\" src=\"https:\/\/www.youtube.com\/embed\/3p2_DRTUiI4?feature=oembed\" frameborder=\"0\" allow=\"accelerometer; autoplay; clipboard-write; encrypted-media; gyroscope; picture-in-picture; web-share\" allowfullscreen><\/iframe>\n<\/div><\/figure>\n\n\n\n<p>Una enorme grieta de 15 kil\u00f3metros parti\u00f3 una calle en una ciudad pesquera islandesa amenazada por la actividad volc\u00e1nica.<\/p>\n\n\n\n<p>Todas las carreteras de acceso a Grindavik permanecieron cerradas el lunes debido a los continuos se\u00edsmos provocados por la actividad volc\u00e1nica en la zona.<\/p>\n\n\n\n<figure class=\"wp-block-embed is-type-video is-provider-youtube wp-block-embed-youtube wp-embed-aspect-16-9 wp-has-aspect-ratio\"><div class=\"wp-block-embed__wrapper\">\n<iframe loading=\"lazy\" title=\"ISLANDIA: Evacuada GRINDAV\u00cdK tras la POSIBLE ERUPCI\u00d3N INMINENTE del VOLC\u00c1N FAGRADALSFJALL | RTVE\" width=\"696\" height=\"392\" src=\"https:\/\/www.youtube.com\/embed\/CPPZwf2Ufn4?feature=oembed\" frameborder=\"0\" allow=\"accelerometer; autoplay; clipboard-write; encrypted-media; gyroscope; picture-in-picture; web-share\" allowfullscreen><\/iframe>\n<\/div><\/figure>\n\n\n\n<p>Seg\u00fan la Oficina Meteorol\u00f3gica de Islandia, el lunes se produjeron hasta 900 s\u00edsmos, cifra similar a la de d\u00edas anteriores.<\/p>\n\n\n\n<p>La carretera de Nesvegur, que los servicios de emergencia hab\u00edan estado utilizando para acceder a Grindavik, sufri\u00f3 graves da\u00f1os debido a la actividad s\u00edsmica y qued\u00f3 intransitable, de acuerdo a la Administraci\u00f3n Islandesa de Carreteras, que asegur\u00f3 que se necesitar\u00e1n reparaciones \u201cextensivas\u201d.<\/p>\n\n\n\n<figure class=\"wp-block-image size-large\"><img loading=\"lazy\" decoding=\"async\" width=\"1024\" height=\"523\" src=\"https:\/\/www.todoeldia.com\/wp-content\/uploads\/2023\/11\/calle-en-islandia-1024x523.jpg\" alt=\"\" class=\"wp-image-68060\" srcset=\"https:\/\/www.todoeldia.com\/wp-content\/uploads\/2023\/11\/calle-en-islandia-1024x523.jpg 1024w, https:\/\/www.todoeldia.com\/wp-content\/uploads\/2023\/11\/calle-en-islandia-300x153.jpg 300w, https:\/\/www.todoeldia.com\/wp-content\/uploads\/2023\/11\/calle-en-islandia-768x392.jpg 768w, https:\/\/www.todoeldia.com\/wp-content\/uploads\/2023\/11\/calle-en-islandia-696x355.jpg 696w, https:\/\/www.todoeldia.com\/wp-content\/uploads\/2023\/11\/calle-en-islandia-1068x545.jpg 1068w, https:\/\/www.todoeldia.com\/wp-content\/uploads\/2023\/11\/calle-en-islandia-823x420.jpg 823w, https:\/\/www.todoeldia.com\/wp-content\/uploads\/2023\/11\/calle-en-islandia.jpg 1232w\" sizes=\"auto, (max-width: 1024px) 100vw, 1024px\" \/><\/figure>\n\n\n\n<p>Las autoridades islandesas se preparaban el martes para construir muros de defensa alrededor de una central geot\u00e9rmica en el suroeste del pa\u00eds, con la esperanza de protegerla de las corrientes de lava, en medio de la preocupaci\u00f3n por una inminente erupci\u00f3n volc\u00e1nica.<\/p>\n\n\n\n<figure class=\"wp-block-image size-large\"><img loading=\"lazy\" decoding=\"async\" width=\"1024\" height=\"414\" src=\"https:\/\/www.todoeldia.com\/wp-content\/uploads\/2023\/11\/calle-en-islandia-1-1024x414.jpg\" alt=\"\" class=\"wp-image-68061\" srcset=\"https:\/\/www.todoeldia.com\/wp-content\/uploads\/2023\/11\/calle-en-islandia-1-1024x414.jpg 1024w, https:\/\/www.todoeldia.com\/wp-content\/uploads\/2023\/11\/calle-en-islandia-1-300x121.jpg 300w, https:\/\/www.todoeldia.com\/wp-content\/uploads\/2023\/11\/calle-en-islandia-1-768x311.jpg 768w, https:\/\/www.todoeldia.com\/wp-content\/uploads\/2023\/11\/calle-en-islandia-1-696x282.jpg 696w, https:\/\/www.todoeldia.com\/wp-content\/uploads\/2023\/11\/calle-en-islandia-1-1068x432.jpg 1068w, https:\/\/www.todoeldia.com\/wp-content\/uploads\/2023\/11\/calle-en-islandia-1-1038x420.jpg 1038w, https:\/\/www.todoeldia.com\/wp-content\/uploads\/2023\/11\/calle-en-islandia-1.jpg 1340w\" sizes=\"auto, (max-width: 1024px) 100vw, 1024px\" \/><\/figure>\n\n\n\n<p>La actividad s\u00edsmica y los flujos subterr\u00e1neos de lava se intensificaron en la pen\u00ednsula de Reykjanes, cerca de la capital, Reikiavik, durante el fin de semana, lo que llev\u00f3 a las autoridades a evacuar a casi 4.000 personas de Grindavik el s\u00e1bado.<\/p>\n\n\n\n<p>La probabilidad de una erupci\u00f3n segu\u00eda siendo alta a pesar de la disminuci\u00f3n de la actividad s\u00edsmica, seg\u00fan inform\u00f3 el martes el Instituto Meteorol\u00f3gico de Islandia en un comunicado.<\/p>\n\n\n\n<figure class=\"wp-block-image size-full is-resized\"><img loading=\"lazy\" decoding=\"async\" src=\"https:\/\/www.todoeldia.com\/wp-content\/uploads\/2023\/11\/image-99.png\" alt=\"\" class=\"wp-image-68058\" style=\"width:914px;height:432px\" width=\"914\" height=\"432\"\/><\/figure>\n\n\n\n<p><strong>Los da\u00f1os causados por la actividad volc\u00e1nica en un campo de golf, en Grindavi<\/strong><\/p>\n\n\n\n<p>\u201cUna menor actividad s\u00edsmica suele preceder a una erupci\u00f3n, porque se ha acercado tanto a la superficie que no puede acumular mucha tensi\u00f3n para desencadenar grandes terremotos\u201d, dijo Rikke Pedersen, que dirige el Centro Volcanol\u00f3gico N\u00f3rdico con sede en Reikiavik.<\/p>\n","protected":false},"excerpt":{"rendered":"<p>El fen\u00f3meno tiene lugar en Grindavik, Islandia, debido a los continuos s\u00edsmos provocados por la actividad subterr\u00e1nea en la zona. La grieta tiene 15 kil\u00f3metros. Una enorme grieta de 15 kil\u00f3metros parti\u00f3 una calle en una ciudad pesquera islandesa amenazada por la actividad volc\u00e1nica. Todas las carreteras de acceso a Grindavik permanecieron cerradas el lunes [&hellip;]<\/p>\n","protected":false},"author":2,"featured_media":68057,"comment_status":"open","ping_status":"open","sticky":false,"template":"","format":"standard","meta":{"tdm_status":"","tdm_grid_status":"","_joinchat":[],"footnotes":""},"categories":[73],"tags":[],"class_list":{"0":"post-68056","1":"post","2":"type-post","3":"status-publish","4":"format-standard","5":"has-post-thumbnail","7":"category-noticias-general"},"amp_enabled":true,"_links":{"self":[{"href":"https:\/\/www.todoeldia.com\/index.php\/wp-json\/wp\/v2\/posts\/68056","targetHints":{"allow":["GET"]}}],"collection":[{"href":"https:\/\/www.todoeldia.com\/index.php\/wp-json\/wp\/v2\/posts"}],"about":[{"href":"https:\/\/www.todoeldia.com\/index.php\/wp-json\/wp\/v2\/types\/post"}],"author":[{"embeddable":true,"href":"https:\/\/www.todoeldia.com\/index.php\/wp-json\/wp\/v2\/users\/2"}],"replies":[{"embeddable":true,"href":"https:\/\/www.todoeldia.com\/index.php\/wp-json\/wp\/v2\/comments?post=68056"}],"version-history":[{"count":1,"href":"https:\/\/www.todoeldia.com\/index.php\/wp-json\/wp\/v2\/posts\/68056\/revisions"}],"predecessor-version":[{"id":68062,"href":"https:\/\/www.todoeldia.com\/index.php\/wp-json\/wp\/v2\/posts\/68056\/revisions\/68062"}],"wp:featuredmedia":[{"embeddable":true,"href":"https:\/\/www.todoeldia.com\/index.php\/wp-json\/wp\/v2\/media\/68057"}],"wp:attachment":[{"href":"https:\/\/www.todoeldia.com\/index.php\/wp-json\/wp\/v2\/media?parent=68056"}],"wp:term":[{"taxonomy":"category","embeddable":true,"href":"https:\/\/www.todoeldia.com\/index.php\/wp-json\/wp\/v2\/categories?post=68056"},{"taxonomy":"post_tag","embeddable":true,"href":"https:\/\/www.todoeldia.com\/index.php\/wp-json\/wp\/v2\/tags?post=68056"}],"curies":[{"name":"wp","href":"https:\/\/api.w.org\/{rel}","templated":true}]}}