{"id":68070,"date":"2023-11-14T22:36:48","date_gmt":"2023-11-15T01:36:48","guid":{"rendered":"https:\/\/www.todoeldia.com\/?p=68070"},"modified":"2023-11-14T22:36:52","modified_gmt":"2023-11-15T01:36:52","slug":"vecinos-llamaron-a-la-policia-porque-un-hombre-golpeaba-a-su-pareja-en-oran","status":"publish","type":"post","link":"https:\/\/www.todoeldia.com\/index.php\/2023\/11\/14\/vecinos-llamaron-a-la-policia-porque-un-hombre-golpeaba-a-su-pareja-en-oran\/","title":{"rendered":"Vecinos llamaron a la Polic\u00eda porque un hombre golpeaba a su pareja en Or\u00e1n"},"content":{"rendered":"\n<p>La v\u00edctima denunci\u00f3 que hab\u00edan mantenido una discusi\u00f3n y que su pareja hab\u00eda reaccionado d\u00e1ndole puntapi\u00e9s, golpes en el rostro y golpeando su cabeza contra una pared.<\/p>\n\n\n\n<p>La fiscal interina de la Fiscal\u00eda de Violencia Familiar y de G\u00e9nero de Or\u00e1n, Claudia Carreras, imput\u00f3 provisionalmente a un hombre por el delito de lesiones agravadas por existir relaci\u00f3n de pareja y por violencia de g\u00e9nero.<\/p>\n\n\n\n<p>Las actuaciones de la Fiscal\u00eda iniciaron luego de que vecinos de Or\u00e1n se comunicaran con el Sistema de Emergencias 911 e informaran que una mujer estaba siendo agredida por un hombre.<\/p>\n\n\n\n<p>Tras la demora del sujeto, la v\u00edctima radic\u00f3 denuncia en su contra, asegurando que hab\u00edan mantenido una discusi\u00f3n y que su pareja hab\u00eda reaccionado d\u00e1ndole puntapi\u00e9s, golpes en el rostro y golpeando su cabeza contra una pared.<\/p>\n\n\n\n<p>El informe m\u00e9dico corrobor\u00f3 que la mujer presentaba hematomas en la zona de la cabeza.<\/p>\n","protected":false},"excerpt":{"rendered":"<p>La v\u00edctima denunci\u00f3 que hab\u00edan mantenido una discusi\u00f3n y que su pareja hab\u00eda reaccionado d\u00e1ndole puntapi\u00e9s, golpes en el rostro y golpeando su cabeza contra una pared. La fiscal interina de la Fiscal\u00eda de Violencia Familiar y de G\u00e9nero de Or\u00e1n, Claudia Carreras, imput\u00f3 provisionalmente a un hombre por el delito de lesiones agravadas por [&hellip;]<\/p>\n","protected":false},"author":2,"featured_media":39357,"comment_status":"open","ping_status":"open","sticky":false,"template":"","format":"standard","meta":{"tdm_status":"","tdm_grid_status":"","_joinchat":[],"footnotes":""},"categories":[63],"tags":[],"class_list":{"0":"post-68070","1":"post","2":"type-post","3":"status-publish","4":"format-standard","5":"has-post-thumbnail","7":"category-policiales"},"amp_enabled":true,"_links":{"self":[{"href":"https:\/\/www.todoeldia.com\/index.php\/wp-json\/wp\/v2\/posts\/68070","targetHints":{"allow":["GET"]}}],"collection":[{"href":"https:\/\/www.todoeldia.com\/index.php\/wp-json\/wp\/v2\/posts"}],"about":[{"href":"https:\/\/www.todoeldia.com\/index.php\/wp-json\/wp\/v2\/types\/post"}],"author":[{"embeddable":true,"href":"https:\/\/www.todoeldia.com\/index.php\/wp-json\/wp\/v2\/users\/2"}],"replies":[{"embeddable":true,"href":"https:\/\/www.todoeldia.com\/index.php\/wp-json\/wp\/v2\/comments?post=68070"}],"version-history":[{"count":1,"href":"https:\/\/www.todoeldia.com\/index.php\/wp-json\/wp\/v2\/posts\/68070\/revisions"}],"predecessor-version":[{"id":68071,"href":"https:\/\/www.todoeldia.com\/index.php\/wp-json\/wp\/v2\/posts\/68070\/revisions\/68071"}],"wp:featuredmedia":[{"embeddable":true,"href":"https:\/\/www.todoeldia.com\/index.php\/wp-json\/wp\/v2\/media\/39357"}],"wp:attachment":[{"href":"https:\/\/www.todoeldia.com\/index.php\/wp-json\/wp\/v2\/media?parent=68070"}],"wp:term":[{"taxonomy":"category","embeddable":true,"href":"https:\/\/www.todoeldia.com\/index.php\/wp-json\/wp\/v2\/categories?post=68070"},{"taxonomy":"post_tag","embeddable":true,"href":"https:\/\/www.todoeldia.com\/index.php\/wp-json\/wp\/v2\/tags?post=68070"}],"curies":[{"name":"wp","href":"https:\/\/api.w.org\/{rel}","templated":true}]}}