{"id":68074,"date":"2023-11-14T23:14:28","date_gmt":"2023-11-15T02:14:28","guid":{"rendered":"https:\/\/www.todoeldia.com\/?p=68074"},"modified":"2023-11-14T23:14:31","modified_gmt":"2023-11-15T02:14:31","slug":"lo-que-faltaba-bananeros-bolivianos-cierran-la-frontera-porque-no-pagamos-las-bananas-en-us","status":"publish","type":"post","link":"https:\/\/www.todoeldia.com\/index.php\/2023\/11\/14\/lo-que-faltaba-bananeros-bolivianos-cierran-la-frontera-porque-no-pagamos-las-bananas-en-us\/","title":{"rendered":"\u00a1Lo que faltaba! Bananeros bolivianos cierran la frontera porque no pagamos las bananas en U$S"},"content":{"rendered":"\n<p>Los bananeros del Tr\u00f3pico de Cochabamba anunciaron que la medida de fuerza en reclamo a la deuda de impaga por la exportaci\u00f3n hacia Argentina se traslada a la frontera Yacuiba-Salvador Mazza. La decisi\u00f3n se tom\u00f3 el viernes 10, en una reuni\u00f3n extraordinaria entre productores y exportadores del alimento, y el bloqueo se program\u00f3 para este 14 de noviembre; al caer la tarde. Argentina, denuncian, adeuda 12 millones de d\u00f3lares.<\/p>\n\n\n\n<p>Argentina es el destino externo de m\u00e1s del 90 por ciento de la producci\u00f3n bananera boliviana. La deuda impagada asciende a 12 millones de d\u00f3lares. El sector exportador remarc\u00f3 que se agotaron todas las instancias de di\u00e1logo y por voto resolutivo se defini\u00f3 realizar bloqueo en el Paso Internacional Yacuiba-Salvador Mazza, a partir de las 18 horas (Hora Bolivia); con productores y exportadores del Tr\u00f3pico de Cochabamba, detallaron los medios locales. El objetivo principal es impedir el ingreso a Bolivia de productos argentinos, como manzana, harina y manteca.<\/p>\n\n\n\n<p>Para el mi\u00e9rcoles 8 de noviembre, las exportaciones ya estaban paralizadas al 70 por ciento y de all\u00ed el plazo otorgado hasta el 10 para arribar a una soluci\u00f3n definitiva. El sector hab\u00eda anunciado tambi\u00e9n que el vicepresidente boliviano, David Choquehuanca, comprometi\u00f3 mediar ante Argentina para saldar la deuda. Aparte, confirmaron que una delegaci\u00f3n de representantes viajar\u00e1 a Buenos Aires para gestionar el pago de la deuda.<\/p>\n\n\n\n<p>\u201cEl Vicepresidente ha escuchado el problema que tenemos, la reuni\u00f3n ha sido beneficiosa. Se ha comprometido a hacer presi\u00f3n junto con el embajador que tenemos en Buenos Aires; y hacer presi\u00f3n en la embajada argentina aqu\u00ed en La Paz para que entre todas estas autoridades se pueda presionar al Ministerio de Econom\u00eda de Argentina para que autoricen los pagos\u201d, dijo Daniel Ramos, presidente de la Uni\u00f3n de Bananeros del Tr\u00f3pico de Cochabamba. (ElPais.bo)<\/p>\n","protected":false},"excerpt":{"rendered":"<p>Los bananeros del Tr\u00f3pico de Cochabamba anunciaron que la medida de fuerza en reclamo a la deuda de impaga por la exportaci\u00f3n hacia Argentina se traslada a la frontera Yacuiba-Salvador Mazza. La decisi\u00f3n se tom\u00f3 el viernes 10, en una reuni\u00f3n extraordinaria entre productores y exportadores del alimento, y el bloqueo se program\u00f3 para este [&hellip;]<\/p>\n","protected":false},"author":2,"featured_media":67860,"comment_status":"open","ping_status":"open","sticky":false,"template":"","format":"standard","meta":{"tdm_status":"","tdm_grid_status":"","_joinchat":[],"footnotes":""},"categories":[60],"tags":[],"class_list":{"0":"post-68074","1":"post","2":"type-post","3":"status-publish","4":"format-standard","5":"has-post-thumbnail","7":"category-economia"},"amp_enabled":true,"_links":{"self":[{"href":"https:\/\/www.todoeldia.com\/index.php\/wp-json\/wp\/v2\/posts\/68074","targetHints":{"allow":["GET"]}}],"collection":[{"href":"https:\/\/www.todoeldia.com\/index.php\/wp-json\/wp\/v2\/posts"}],"about":[{"href":"https:\/\/www.todoeldia.com\/index.php\/wp-json\/wp\/v2\/types\/post"}],"author":[{"embeddable":true,"href":"https:\/\/www.todoeldia.com\/index.php\/wp-json\/wp\/v2\/users\/2"}],"replies":[{"embeddable":true,"href":"https:\/\/www.todoeldia.com\/index.php\/wp-json\/wp\/v2\/comments?post=68074"}],"version-history":[{"count":1,"href":"https:\/\/www.todoeldia.com\/index.php\/wp-json\/wp\/v2\/posts\/68074\/revisions"}],"predecessor-version":[{"id":68075,"href":"https:\/\/www.todoeldia.com\/index.php\/wp-json\/wp\/v2\/posts\/68074\/revisions\/68075"}],"wp:featuredmedia":[{"embeddable":true,"href":"https:\/\/www.todoeldia.com\/index.php\/wp-json\/wp\/v2\/media\/67860"}],"wp:attachment":[{"href":"https:\/\/www.todoeldia.com\/index.php\/wp-json\/wp\/v2\/media?parent=68074"}],"wp:term":[{"taxonomy":"category","embeddable":true,"href":"https:\/\/www.todoeldia.com\/index.php\/wp-json\/wp\/v2\/categories?post=68074"},{"taxonomy":"post_tag","embeddable":true,"href":"https:\/\/www.todoeldia.com\/index.php\/wp-json\/wp\/v2\/tags?post=68074"}],"curies":[{"name":"wp","href":"https:\/\/api.w.org\/{rel}","templated":true}]}}