{"id":68076,"date":"2023-11-14T23:36:40","date_gmt":"2023-11-15T02:36:40","guid":{"rendered":"https:\/\/www.todoeldia.com\/?p=68076"},"modified":"2023-11-14T23:37:01","modified_gmt":"2023-11-15T02:37:01","slug":"brutalidad-policial-investigan-la-atroz-represion-de-infanteria-al-termino-del-partido-gimnasia-vila-mitre","status":"publish","type":"post","link":"https:\/\/www.todoeldia.com\/index.php\/2023\/11\/14\/brutalidad-policial-investigan-la-atroz-represion-de-infanteria-al-termino-del-partido-gimnasia-vila-mitre\/","title":{"rendered":"Brutalidad policial: investigan la atroz represi\u00f3n de Infanter\u00eda al t\u00e9rmino del Partido Gimnasia-Villa Mitre"},"content":{"rendered":"\n<p>La Polic\u00eda agredi\u00f3 al periodista deportivo Pablo \u00c1vila al final del encuentro de Gimnasia y Tiro con Villa Mitre en el estadio \u201cAlbo\u201d en una jornada deportiva que se vio empa\u00f1ada por la brutalidad policial.<\/p>\n\n\n\n<p>\u00c1vila denuncio que fue agredido por la espalda y de manera violenta junto a otros aficionados que simplemente disfrutaban del partido. La agresi\u00f3n se registr\u00f3 cuando intentaba filmar con su tel\u00e9fono m\u00f3vil la brutal intervenci\u00f3n de infanter\u00eda.<\/p>\n\n\n\n<p>Al finalizar el encuentro deportivo, personal de la Polic\u00eda de la provincia de Salta procedi\u00f3 al operativo de despeje, oportunidad en la que se habr\u00edan producido excesos en el accionar de los efectivos a cargo.<\/p>\n\n\n\n<p>La Fiscal\u00eda Penal de Derechos Humanos investiga el presunto hecho de violencia que fuera denunciado por parte de un periodista de Salta.<\/p>\n\n\n\n<p>La intervenci\u00f3n de la fiscal\u00eda se produjo luego de recibir la novedad, el lunes 13 de noviembre e imparti\u00f3, de inmediato, una serie de directivas que permitan esclarecer las circunstancias en las que se habr\u00eda producido la presunta agresi\u00f3n.<\/p>\n\n\n\n<p>En tanto, para hoy estaba citado en sede judicial el damnificado, a fin de escuchar su testimonio.<\/p>\n","protected":false},"excerpt":{"rendered":"<p>La Polic\u00eda agredi\u00f3 al periodista deportivo Pablo \u00c1vila al final del encuentro de Gimnasia y Tiro con Villa Mitre en el estadio \u201cAlbo\u201d en una jornada deportiva que se vio empa\u00f1ada por la brutalidad policial. \u00c1vila denuncio que fue agredido por la espalda y de manera violenta junto a otros aficionados que simplemente disfrutaban del [&hellip;]<\/p>\n","protected":false},"author":2,"featured_media":68077,"comment_status":"open","ping_status":"open","sticky":false,"template":"","format":"standard","meta":{"tdm_status":"","tdm_grid_status":"","_joinchat":[],"footnotes":""},"categories":[63],"tags":[],"class_list":{"0":"post-68076","1":"post","2":"type-post","3":"status-publish","4":"format-standard","5":"has-post-thumbnail","7":"category-policiales"},"amp_enabled":true,"_links":{"self":[{"href":"https:\/\/www.todoeldia.com\/index.php\/wp-json\/wp\/v2\/posts\/68076","targetHints":{"allow":["GET"]}}],"collection":[{"href":"https:\/\/www.todoeldia.com\/index.php\/wp-json\/wp\/v2\/posts"}],"about":[{"href":"https:\/\/www.todoeldia.com\/index.php\/wp-json\/wp\/v2\/types\/post"}],"author":[{"embeddable":true,"href":"https:\/\/www.todoeldia.com\/index.php\/wp-json\/wp\/v2\/users\/2"}],"replies":[{"embeddable":true,"href":"https:\/\/www.todoeldia.com\/index.php\/wp-json\/wp\/v2\/comments?post=68076"}],"version-history":[{"count":3,"href":"https:\/\/www.todoeldia.com\/index.php\/wp-json\/wp\/v2\/posts\/68076\/revisions"}],"predecessor-version":[{"id":68080,"href":"https:\/\/www.todoeldia.com\/index.php\/wp-json\/wp\/v2\/posts\/68076\/revisions\/68080"}],"wp:featuredmedia":[{"embeddable":true,"href":"https:\/\/www.todoeldia.com\/index.php\/wp-json\/wp\/v2\/media\/68077"}],"wp:attachment":[{"href":"https:\/\/www.todoeldia.com\/index.php\/wp-json\/wp\/v2\/media?parent=68076"}],"wp:term":[{"taxonomy":"category","embeddable":true,"href":"https:\/\/www.todoeldia.com\/index.php\/wp-json\/wp\/v2\/categories?post=68076"},{"taxonomy":"post_tag","embeddable":true,"href":"https:\/\/www.todoeldia.com\/index.php\/wp-json\/wp\/v2\/tags?post=68076"}],"curies":[{"name":"wp","href":"https:\/\/api.w.org\/{rel}","templated":true}]}}