{"id":68083,"date":"2023-11-15T10:38:46","date_gmt":"2023-11-15T13:38:46","guid":{"rendered":"https:\/\/www.todoeldia.com\/?p=68083"},"modified":"2023-11-15T10:38:49","modified_gmt":"2023-11-15T13:38:49","slug":"la-justicia-investiga-el-hallazgo-de-un-craneo-en-tartagal-es-de-una-mujer-de-edad-avanzada","status":"publish","type":"post","link":"https:\/\/www.todoeldia.com\/index.php\/2023\/11\/15\/la-justicia-investiga-el-hallazgo-de-un-craneo-en-tartagal-es-de-una-mujer-de-edad-avanzada\/","title":{"rendered":"La justicia investiga el hallazgo de un cr\u00e1neo en Tartagal: es de una mujer de edad avanzada"},"content":{"rendered":"\n<p>&nbsp;Durante la tarde del martes, se report\u00f3 el hallazgo de un cr\u00e1neo en un sector pr\u00f3ximo al regimiento 28 de Tartagal.<\/p>\n\n\n\n<p>El fiscal penal Gonzalo Vega dispuso distintas medidas tendientes a lograr el esclarecimiento. Tras el reporte correspondiente, dispuso el trabajo de personal de Criminal\u00edstica en el lugar y la presencia del m\u00e9dico legal, quien de forma preliminar informo que se trata de un cr\u00e1neo que corresponder\u00eda a una mujer de edad avanzada, que no presentaba piezas dentarias y con presencia de restos de cabello blanco.<\/p>\n\n\n\n<p>Asimismo, revel\u00f3 que en la zona rastrillada no se encontraron otros restos \u00f3seos ni elementos que pudieran vincularse con el hallazgo.<\/p>\n\n\n\n<p>Los restos fueron remitidos al Servicio de Tanatolog\u00eda Forense del CIF de Or\u00e1n para que se realicen los estudios correspondientes y se ofici\u00f3 a las dependencias policiales para consultar los registros de personas denunciadas como desaparecidas.<\/p>\n","protected":false},"excerpt":{"rendered":"<p>&nbsp;Durante la tarde del martes, se report\u00f3 el hallazgo de un cr\u00e1neo en un sector pr\u00f3ximo al regimiento 28 de Tartagal. El fiscal penal Gonzalo Vega dispuso distintas medidas tendientes a lograr el esclarecimiento. Tras el reporte correspondiente, dispuso el trabajo de personal de Criminal\u00edstica en el lugar y la presencia del m\u00e9dico legal, quien [&hellip;]<\/p>\n","protected":false},"author":2,"featured_media":68068,"comment_status":"open","ping_status":"open","sticky":false,"template":"","format":"standard","meta":{"tdm_status":"","tdm_grid_status":"","_joinchat":[],"footnotes":""},"categories":[63],"tags":[],"class_list":{"0":"post-68083","1":"post","2":"type-post","3":"status-publish","4":"format-standard","5":"has-post-thumbnail","7":"category-policiales"},"amp_enabled":true,"_links":{"self":[{"href":"https:\/\/www.todoeldia.com\/index.php\/wp-json\/wp\/v2\/posts\/68083","targetHints":{"allow":["GET"]}}],"collection":[{"href":"https:\/\/www.todoeldia.com\/index.php\/wp-json\/wp\/v2\/posts"}],"about":[{"href":"https:\/\/www.todoeldia.com\/index.php\/wp-json\/wp\/v2\/types\/post"}],"author":[{"embeddable":true,"href":"https:\/\/www.todoeldia.com\/index.php\/wp-json\/wp\/v2\/users\/2"}],"replies":[{"embeddable":true,"href":"https:\/\/www.todoeldia.com\/index.php\/wp-json\/wp\/v2\/comments?post=68083"}],"version-history":[{"count":1,"href":"https:\/\/www.todoeldia.com\/index.php\/wp-json\/wp\/v2\/posts\/68083\/revisions"}],"predecessor-version":[{"id":68084,"href":"https:\/\/www.todoeldia.com\/index.php\/wp-json\/wp\/v2\/posts\/68083\/revisions\/68084"}],"wp:featuredmedia":[{"embeddable":true,"href":"https:\/\/www.todoeldia.com\/index.php\/wp-json\/wp\/v2\/media\/68068"}],"wp:attachment":[{"href":"https:\/\/www.todoeldia.com\/index.php\/wp-json\/wp\/v2\/media?parent=68083"}],"wp:term":[{"taxonomy":"category","embeddable":true,"href":"https:\/\/www.todoeldia.com\/index.php\/wp-json\/wp\/v2\/categories?post=68083"},{"taxonomy":"post_tag","embeddable":true,"href":"https:\/\/www.todoeldia.com\/index.php\/wp-json\/wp\/v2\/tags?post=68083"}],"curies":[{"name":"wp","href":"https:\/\/api.w.org\/{rel}","templated":true}]}}