{"id":68085,"date":"2023-11-15T10:42:17","date_gmt":"2023-11-15T13:42:17","guid":{"rendered":"https:\/\/www.todoeldia.com\/?p=68085"},"modified":"2023-11-15T10:42:20","modified_gmt":"2023-11-15T13:42:20","slug":"lo-llevaron-a-la-comisaria-por-amenazar-a-su-padre-y-cuando-se-retiraba-le-robo-el-celular-a-un-policia","status":"publish","type":"post","link":"https:\/\/www.todoeldia.com\/index.php\/2023\/11\/15\/lo-llevaron-a-la-comisaria-por-amenazar-a-su-padre-y-cuando-se-retiraba-le-robo-el-celular-a-un-policia\/","title":{"rendered":"Lo llevaron a la comisaria por amenazar a su padre y cuando se retiraba le robo el celular a un polic\u00eda"},"content":{"rendered":"\n<p>El acusado, quien se encontraba excluido de su hogar, se present\u00f3 en dos oportunidades intentando ingresar y amenaz\u00f3 a su progenitor. Cuando fue demorado por personal policial, sustrajo el tel\u00e9fono de un efectivo policial al momento de retirarse de la dependencia.<\/p>\n\n\n\n<p>La fiscal penal 1 de Or\u00e1n, Daniela Mur\u00faa, represent\u00f3 al Ministerio P\u00fablico Fiscal ante la Sala I del Tribunal de Juicio de ese distrito, en la audiencia de juicio abreviado contra Jos\u00e9 Fernando Yacaire como autor de los delitos de amenazas, desobediencia judicial y hurto en concurso real.<\/p>\n\n\n\n<p>Yacaire fue denunciado por su padre tras incumplir las medidas de restricci\u00f3n impuestas, al presentarse en el domicilio familiar bajo los efectos de consumo de alcohol y otras sustancias, intentando ingresar por la fuerza y profiriendo amenazas.<\/p>\n\n\n\n<p>Posteriormente, fue demorado y al salir de la dependencia policial donde estuvo alojado, sustrajo el tel\u00e9fono celular de uno de los efectivos policiales.<\/p>\n\n\n\n<p>Tras confesar su participaci\u00f3n en los hechos endilgados, fue condenado a la pena de 6 meses de prisi\u00f3n de ejecuci\u00f3n condicional y al cumplimiento de reglas de conducta.<\/p>\n","protected":false},"excerpt":{"rendered":"<p>El acusado, quien se encontraba excluido de su hogar, se present\u00f3 en dos oportunidades intentando ingresar y amenaz\u00f3 a su progenitor. Cuando fue demorado por personal policial, sustrajo el tel\u00e9fono de un efectivo policial al momento de retirarse de la dependencia. La fiscal penal 1 de Or\u00e1n, Daniela Mur\u00faa, represent\u00f3 al Ministerio P\u00fablico Fiscal ante [&hellip;]<\/p>\n","protected":false},"author":2,"featured_media":54218,"comment_status":"open","ping_status":"open","sticky":false,"template":"","format":"standard","meta":{"tdm_status":"","tdm_grid_status":"","_joinchat":[],"footnotes":""},"categories":[63],"tags":[],"class_list":{"0":"post-68085","1":"post","2":"type-post","3":"status-publish","4":"format-standard","5":"has-post-thumbnail","7":"category-policiales"},"amp_enabled":true,"_links":{"self":[{"href":"https:\/\/www.todoeldia.com\/index.php\/wp-json\/wp\/v2\/posts\/68085","targetHints":{"allow":["GET"]}}],"collection":[{"href":"https:\/\/www.todoeldia.com\/index.php\/wp-json\/wp\/v2\/posts"}],"about":[{"href":"https:\/\/www.todoeldia.com\/index.php\/wp-json\/wp\/v2\/types\/post"}],"author":[{"embeddable":true,"href":"https:\/\/www.todoeldia.com\/index.php\/wp-json\/wp\/v2\/users\/2"}],"replies":[{"embeddable":true,"href":"https:\/\/www.todoeldia.com\/index.php\/wp-json\/wp\/v2\/comments?post=68085"}],"version-history":[{"count":1,"href":"https:\/\/www.todoeldia.com\/index.php\/wp-json\/wp\/v2\/posts\/68085\/revisions"}],"predecessor-version":[{"id":68086,"href":"https:\/\/www.todoeldia.com\/index.php\/wp-json\/wp\/v2\/posts\/68085\/revisions\/68086"}],"wp:featuredmedia":[{"embeddable":true,"href":"https:\/\/www.todoeldia.com\/index.php\/wp-json\/wp\/v2\/media\/54218"}],"wp:attachment":[{"href":"https:\/\/www.todoeldia.com\/index.php\/wp-json\/wp\/v2\/media?parent=68085"}],"wp:term":[{"taxonomy":"category","embeddable":true,"href":"https:\/\/www.todoeldia.com\/index.php\/wp-json\/wp\/v2\/categories?post=68085"},{"taxonomy":"post_tag","embeddable":true,"href":"https:\/\/www.todoeldia.com\/index.php\/wp-json\/wp\/v2\/tags?post=68085"}],"curies":[{"name":"wp","href":"https:\/\/api.w.org\/{rel}","templated":true}]}}