{"id":68101,"date":"2023-11-15T13:38:08","date_gmt":"2023-11-15T16:38:08","guid":{"rendered":"https:\/\/www.todoeldia.com\/?p=68101"},"modified":"2023-11-15T13:38:11","modified_gmt":"2023-11-15T16:38:11","slug":"nanni-y-mimessi-dos-perdedores-se-juntan-para-quedarse-con-las-ucr","status":"publish","type":"post","link":"https:\/\/www.todoeldia.com\/index.php\/2023\/11\/15\/nanni-y-mimessi-dos-perdedores-se-juntan-para-quedarse-con-las-ucr\/","title":{"rendered":"Nanni y Mimessi: dos perdedores se juntan para quedarse con las UCR"},"content":{"rendered":"\n<p>En medio de las cr\u00edticas que cosech\u00f3 el diputado nacional saliente tras la auto prorroga de los mandatos al frente del partido radical, el dirigente se mostr\u00f3 con el intendente saliente de Tartagal.<\/p>\n\n\n\n<p>En medio del conflicto que atraviesa el radicalismo salte\u00f1o donde se discute la conducci\u00f3n del partido, Miguel Nanni, presidente saliente se mostr\u00f3 en un gesto contundente para la oposici\u00f3n con quien por mucho tiempo fue uno de sus ac\u00e9rrimos cr\u00edticos, Mario Mimessi.<\/p>\n\n\n\n<p>El radicalismo del departamento San Mart\u00edn que conduce Mimessi es uno de los pocos segmentos partidarios con fuerte presencia territorial, pese a la derrota que tuvo el intendente frente al peronismo que conduce Franco Hern\u00e1ndez en mayo \u00faltimo. Prueba de esto es que los \u00fanicos diputados radicales a nivel provincial los pone el sector de Mimessi.<\/p>\n\n\n\n<p>&nbsp;\u201cNunca hubi\u00e9semos tomado una decisi\u00f3n as\u00ed sin tener la anuencia de nuestras m\u00e1ximas autoridades, hay una imposibilidad f\u00e1ctica\u201d, advirti\u00f3 el dirigente radical quien apunt\u00f3 a que la normalizaci\u00f3n partidaria debe realizarse de manera ordenada y sin apuros.<\/p>\n\n\n\n<p>\u201cNosotros no queremos atornillarnos. La verdad es que no hay un compromiso en enero, en febrero, para a las apuradas hacer una alianza o ya marcar candidatura. Ya pas\u00f3 el a\u00f1o electoral, as\u00ed que vamos a normalizar cuanto antes\u201d, se\u00f1al\u00f3 Nanni.<\/p>\n\n\n\n<p>Nuevo Diario<\/p>\n","protected":false},"excerpt":{"rendered":"<p>En medio de las cr\u00edticas que cosech\u00f3 el diputado nacional saliente tras la auto prorroga de los mandatos al frente del partido radical, el dirigente se mostr\u00f3 con el intendente saliente de Tartagal. En medio del conflicto que atraviesa el radicalismo salte\u00f1o donde se discute la conducci\u00f3n del partido, Miguel Nanni, presidente saliente se mostr\u00f3 [&hellip;]<\/p>\n","protected":false},"author":2,"featured_media":68102,"comment_status":"open","ping_status":"open","sticky":false,"template":"","format":"standard","meta":{"tdm_status":"","tdm_grid_status":"","_joinchat":[],"footnotes":""},"categories":[59],"tags":[],"class_list":{"0":"post-68101","1":"post","2":"type-post","3":"status-publish","4":"format-standard","5":"has-post-thumbnail","7":"category-politica"},"amp_enabled":true,"_links":{"self":[{"href":"https:\/\/www.todoeldia.com\/index.php\/wp-json\/wp\/v2\/posts\/68101","targetHints":{"allow":["GET"]}}],"collection":[{"href":"https:\/\/www.todoeldia.com\/index.php\/wp-json\/wp\/v2\/posts"}],"about":[{"href":"https:\/\/www.todoeldia.com\/index.php\/wp-json\/wp\/v2\/types\/post"}],"author":[{"embeddable":true,"href":"https:\/\/www.todoeldia.com\/index.php\/wp-json\/wp\/v2\/users\/2"}],"replies":[{"embeddable":true,"href":"https:\/\/www.todoeldia.com\/index.php\/wp-json\/wp\/v2\/comments?post=68101"}],"version-history":[{"count":1,"href":"https:\/\/www.todoeldia.com\/index.php\/wp-json\/wp\/v2\/posts\/68101\/revisions"}],"predecessor-version":[{"id":68103,"href":"https:\/\/www.todoeldia.com\/index.php\/wp-json\/wp\/v2\/posts\/68101\/revisions\/68103"}],"wp:featuredmedia":[{"embeddable":true,"href":"https:\/\/www.todoeldia.com\/index.php\/wp-json\/wp\/v2\/media\/68102"}],"wp:attachment":[{"href":"https:\/\/www.todoeldia.com\/index.php\/wp-json\/wp\/v2\/media?parent=68101"}],"wp:term":[{"taxonomy":"category","embeddable":true,"href":"https:\/\/www.todoeldia.com\/index.php\/wp-json\/wp\/v2\/categories?post=68101"},{"taxonomy":"post_tag","embeddable":true,"href":"https:\/\/www.todoeldia.com\/index.php\/wp-json\/wp\/v2\/tags?post=68101"}],"curies":[{"name":"wp","href":"https:\/\/api.w.org\/{rel}","templated":true}]}}