{"id":68110,"date":"2023-11-15T14:20:04","date_gmt":"2023-11-15T17:20:04","guid":{"rendered":"https:\/\/www.todoeldia.com\/?p=68110"},"modified":"2023-11-15T14:20:07","modified_gmt":"2023-11-15T17:20:07","slug":"a-los-radicales-le-cortaron-la-luz-en-su-sede-de-calle-mitre-al-600-porque-no-la-pagaron","status":"publish","type":"post","link":"https:\/\/www.todoeldia.com\/index.php\/2023\/11\/15\/a-los-radicales-le-cortaron-la-luz-en-su-sede-de-calle-mitre-al-600-porque-no-la-pagaron\/","title":{"rendered":"A los radicales le cortaron la luz en su sede de calle Mitre al 600 porque no la pagaron"},"content":{"rendered":"\n<p>Los ateneos Dr. Arturo Illia, Juventud Radical Osvaldo Alvarez Guerrero y la Franja Morada informaron que en el d\u00eda hoy cortaron la luz del Comit\u00e9 Provincia, ubicado en calle Mitre, por falta de pago.<\/p>\n\n\n\n<p>Los espacios que informaron la situaci\u00f3n sostuvieron que el comit\u00e9 provincia, hoy a cargo de Miguel Nanni, \u201ccentraliz\u00f3 los escasos aportes de los concejales que cumplen con el porcentaje de aportes de sus dietas al fondo partidario del comit\u00e9 Provincia\u201d.<\/p>\n\n\n\n<p>Con mandatos vencidos y auto prorrogados 2 veces, y de manera irregular violando lo establecido por la carta org\u00e1nica, el radicalismo &#8220;exitoso&#8221; que encabeza Nanni y otros radicales deben dejar de usurpar la conducci\u00f3n partidaria sin m\u00e1s dilaciones\u201d, expresaron.<\/p>\n\n\n\n<p>Asimismo, remarcaron que es \u201cinaceptable\u201d que se hayan \u201cfraguado\u201d las reuniones del Comit\u00e9 Provincia para que el actual conductor se auto prorrogue el mandato.<\/p>\n","protected":false},"excerpt":{"rendered":"<p>Los ateneos Dr. Arturo Illia, Juventud Radical Osvaldo Alvarez Guerrero y la Franja Morada informaron que en el d\u00eda hoy cortaron la luz del Comit\u00e9 Provincia, ubicado en calle Mitre, por falta de pago. Los espacios que informaron la situaci\u00f3n sostuvieron que el comit\u00e9 provincia, hoy a cargo de Miguel Nanni, \u201ccentraliz\u00f3 los escasos aportes [&hellip;]<\/p>\n","protected":false},"author":2,"featured_media":68111,"comment_status":"open","ping_status":"open","sticky":false,"template":"","format":"standard","meta":{"tdm_status":"","tdm_grid_status":"","_joinchat":[],"footnotes":""},"categories":[59],"tags":[],"class_list":{"0":"post-68110","1":"post","2":"type-post","3":"status-publish","4":"format-standard","5":"has-post-thumbnail","7":"category-politica"},"amp_enabled":true,"_links":{"self":[{"href":"https:\/\/www.todoeldia.com\/index.php\/wp-json\/wp\/v2\/posts\/68110","targetHints":{"allow":["GET"]}}],"collection":[{"href":"https:\/\/www.todoeldia.com\/index.php\/wp-json\/wp\/v2\/posts"}],"about":[{"href":"https:\/\/www.todoeldia.com\/index.php\/wp-json\/wp\/v2\/types\/post"}],"author":[{"embeddable":true,"href":"https:\/\/www.todoeldia.com\/index.php\/wp-json\/wp\/v2\/users\/2"}],"replies":[{"embeddable":true,"href":"https:\/\/www.todoeldia.com\/index.php\/wp-json\/wp\/v2\/comments?post=68110"}],"version-history":[{"count":1,"href":"https:\/\/www.todoeldia.com\/index.php\/wp-json\/wp\/v2\/posts\/68110\/revisions"}],"predecessor-version":[{"id":68112,"href":"https:\/\/www.todoeldia.com\/index.php\/wp-json\/wp\/v2\/posts\/68110\/revisions\/68112"}],"wp:featuredmedia":[{"embeddable":true,"href":"https:\/\/www.todoeldia.com\/index.php\/wp-json\/wp\/v2\/media\/68111"}],"wp:attachment":[{"href":"https:\/\/www.todoeldia.com\/index.php\/wp-json\/wp\/v2\/media?parent=68110"}],"wp:term":[{"taxonomy":"category","embeddable":true,"href":"https:\/\/www.todoeldia.com\/index.php\/wp-json\/wp\/v2\/categories?post=68110"},{"taxonomy":"post_tag","embeddable":true,"href":"https:\/\/www.todoeldia.com\/index.php\/wp-json\/wp\/v2\/tags?post=68110"}],"curies":[{"name":"wp","href":"https:\/\/api.w.org\/{rel}","templated":true}]}}