{"id":68123,"date":"2023-11-16T10:06:09","date_gmt":"2023-11-16T13:06:09","guid":{"rendered":"https:\/\/www.todoeldia.com\/?p=68123"},"modified":"2023-11-16T10:06:13","modified_gmt":"2023-11-16T13:06:13","slug":"joven-de-22-anos-acusado-de-distribucion-y-produccion-de-explotacion-sexual-infantil-en-oran","status":"publish","type":"post","link":"https:\/\/www.todoeldia.com\/index.php\/2023\/11\/16\/joven-de-22-anos-acusado-de-distribucion-y-produccion-de-explotacion-sexual-infantil-en-oran\/","title":{"rendered":"Joven de 22 a\u00f1os acusado de distribuci\u00f3n y producci\u00f3n de explotaci\u00f3n sexual infantil en Or\u00e1n"},"content":{"rendered":"\n<p>El juez de Garant\u00edas 2 de Or\u00e1n, Claudio Alejandro Parisi efect\u00fao ayer el control de legalidad de la detenci\u00f3n de un joven de 22 a\u00f1os acusado provisoriamente del delito de distribuci\u00f3n y producci\u00f3n de material de explotaci\u00f3n sexual infantil.<\/p>\n\n\n\n<p>El allanamiento del domicilio del acusado ubicado en el barrio 420 viviendas de la ciudad de Or\u00e1n, fue realizado el pasado martes por requerimiento de la fiscal penal especializada en Ciberdelincuencia, Sof\u00eda Cornejo.<\/p>\n\n\n\n<p>Durante el procedimiento se secuestraron cuatro celulares, un pendrive, dispositivos inform\u00e1ticos tales como un disco r\u00edgido, dos CPU, y un router, cuyos contenidos ser\u00e1n analizados.<\/p>\n\n\n\n<p>El juez Parisi dispuso la libertad del joven, al cual tendr\u00e1 que cumplir medidas restrictivas, conforme al pedido efectuado por la fiscal Cornejo.<\/p>\n\n\n\n<p>La causa se inici\u00f3 a partir de un informe de la Unidad Fiscal Especializada en Delitos y Contravenciones Inform\u00e1ticas del Ministerio P\u00fablico Fiscal de Caba y el Cuerpo de Investigaciones Judiciales, que advirti\u00f3 la posible actividad il\u00edcita del acusado<\/p>\n","protected":false},"excerpt":{"rendered":"<p>El juez de Garant\u00edas 2 de Or\u00e1n, Claudio Alejandro Parisi efect\u00fao ayer el control de legalidad de la detenci\u00f3n de un joven de 22 a\u00f1os acusado provisoriamente del delito de distribuci\u00f3n y producci\u00f3n de material de explotaci\u00f3n sexual infantil. El allanamiento del domicilio del acusado ubicado en el barrio 420 viviendas de la ciudad de [&hellip;]<\/p>\n","protected":false},"author":2,"featured_media":62229,"comment_status":"open","ping_status":"open","sticky":false,"template":"","format":"standard","meta":{"tdm_status":"","tdm_grid_status":"","_joinchat":[],"footnotes":""},"categories":[63],"tags":[],"class_list":{"0":"post-68123","1":"post","2":"type-post","3":"status-publish","4":"format-standard","5":"has-post-thumbnail","7":"category-policiales"},"amp_enabled":true,"_links":{"self":[{"href":"https:\/\/www.todoeldia.com\/index.php\/wp-json\/wp\/v2\/posts\/68123","targetHints":{"allow":["GET"]}}],"collection":[{"href":"https:\/\/www.todoeldia.com\/index.php\/wp-json\/wp\/v2\/posts"}],"about":[{"href":"https:\/\/www.todoeldia.com\/index.php\/wp-json\/wp\/v2\/types\/post"}],"author":[{"embeddable":true,"href":"https:\/\/www.todoeldia.com\/index.php\/wp-json\/wp\/v2\/users\/2"}],"replies":[{"embeddable":true,"href":"https:\/\/www.todoeldia.com\/index.php\/wp-json\/wp\/v2\/comments?post=68123"}],"version-history":[{"count":1,"href":"https:\/\/www.todoeldia.com\/index.php\/wp-json\/wp\/v2\/posts\/68123\/revisions"}],"predecessor-version":[{"id":68124,"href":"https:\/\/www.todoeldia.com\/index.php\/wp-json\/wp\/v2\/posts\/68123\/revisions\/68124"}],"wp:featuredmedia":[{"embeddable":true,"href":"https:\/\/www.todoeldia.com\/index.php\/wp-json\/wp\/v2\/media\/62229"}],"wp:attachment":[{"href":"https:\/\/www.todoeldia.com\/index.php\/wp-json\/wp\/v2\/media?parent=68123"}],"wp:term":[{"taxonomy":"category","embeddable":true,"href":"https:\/\/www.todoeldia.com\/index.php\/wp-json\/wp\/v2\/categories?post=68123"},{"taxonomy":"post_tag","embeddable":true,"href":"https:\/\/www.todoeldia.com\/index.php\/wp-json\/wp\/v2\/tags?post=68123"}],"curies":[{"name":"wp","href":"https:\/\/api.w.org\/{rel}","templated":true}]}}