{"id":68321,"date":"2023-11-21T09:16:14","date_gmt":"2023-11-21T12:16:14","guid":{"rendered":"https:\/\/www.todoeldia.com\/?p=68321"},"modified":"2023-11-21T09:45:11","modified_gmt":"2023-11-21T12:45:11","slug":"un-hombre-fue-encontrado-muerto-a-metros-de-la-jefatura-de-policia","status":"publish","type":"post","link":"https:\/\/www.todoeldia.com\/index.php\/2023\/11\/21\/un-hombre-fue-encontrado-muerto-a-metros-de-la-jefatura-de-policia\/","title":{"rendered":"Un hombre fue encontrado muerto a metros de la jefatura de Polic\u00eda"},"content":{"rendered":"\n<p>El cuerpo se encuentra en la vereda de la calle G\u00fcemes entre Mitre y Balcarce a unos metros de la central de Polic\u00eda.<\/p>\n\n\n\n<figure class=\"wp-block-image size-full is-resized\"><img loading=\"lazy\" decoding=\"async\" width=\"600\" height=\"450\" src=\"https:\/\/www.todoeldia.com\/wp-content\/uploads\/2023\/11\/jefatura-policia-1.jpg\" alt=\"\" class=\"wp-image-68328\" style=\"width:1068px;height:auto\" srcset=\"https:\/\/www.todoeldia.com\/wp-content\/uploads\/2023\/11\/jefatura-policia-1.jpg 600w, https:\/\/www.todoeldia.com\/wp-content\/uploads\/2023\/11\/jefatura-policia-1-300x225.jpg 300w, https:\/\/www.todoeldia.com\/wp-content\/uploads\/2023\/11\/jefatura-policia-1-560x420.jpg 560w, https:\/\/www.todoeldia.com\/wp-content\/uploads\/2023\/11\/jefatura-policia-1-80x60.jpg 80w, https:\/\/www.todoeldia.com\/wp-content\/uploads\/2023\/11\/jefatura-policia-1-265x198.jpg 265w\" sizes=\"auto, (max-width: 600px) 100vw, 600px\" \/><\/figure>\n\n\n\n<p> En la zona hay una sucursal del Banco Macro. Testigos aseguraron que el cuerpo estaba en el lugar desde las 6.30 de la ma\u00f1ana.\u00a0Seg\u00fan se inform\u00f3 el hombre viv\u00eda en situaci\u00f3n de calle y dorm\u00eda en la plaza frente a la Policia.<\/p>\n","protected":false},"excerpt":{"rendered":"<p>El cuerpo se encuentra en la vereda de la calle G\u00fcemes entre Mitre y Balcarce a unos metros de la central de Polic\u00eda. En la zona hay una sucursal del Banco Macro. Testigos aseguraron que el cuerpo estaba en el lugar desde las 6.30 de la ma\u00f1ana.\u00a0Seg\u00fan se inform\u00f3 el hombre viv\u00eda en situaci\u00f3n de [&hellip;]<\/p>\n","protected":false},"author":2,"featured_media":68327,"comment_status":"open","ping_status":"open","sticky":false,"template":"","format":"standard","meta":{"tdm_status":"","tdm_grid_status":"","_joinchat":[],"footnotes":""},"categories":[63],"tags":[],"class_list":{"0":"post-68321","1":"post","2":"type-post","3":"status-publish","4":"format-standard","5":"has-post-thumbnail","7":"category-policiales"},"amp_enabled":true,"_links":{"self":[{"href":"https:\/\/www.todoeldia.com\/index.php\/wp-json\/wp\/v2\/posts\/68321","targetHints":{"allow":["GET"]}}],"collection":[{"href":"https:\/\/www.todoeldia.com\/index.php\/wp-json\/wp\/v2\/posts"}],"about":[{"href":"https:\/\/www.todoeldia.com\/index.php\/wp-json\/wp\/v2\/types\/post"}],"author":[{"embeddable":true,"href":"https:\/\/www.todoeldia.com\/index.php\/wp-json\/wp\/v2\/users\/2"}],"replies":[{"embeddable":true,"href":"https:\/\/www.todoeldia.com\/index.php\/wp-json\/wp\/v2\/comments?post=68321"}],"version-history":[{"count":3,"href":"https:\/\/www.todoeldia.com\/index.php\/wp-json\/wp\/v2\/posts\/68321\/revisions"}],"predecessor-version":[{"id":68336,"href":"https:\/\/www.todoeldia.com\/index.php\/wp-json\/wp\/v2\/posts\/68321\/revisions\/68336"}],"wp:featuredmedia":[{"embeddable":true,"href":"https:\/\/www.todoeldia.com\/index.php\/wp-json\/wp\/v2\/media\/68327"}],"wp:attachment":[{"href":"https:\/\/www.todoeldia.com\/index.php\/wp-json\/wp\/v2\/media?parent=68321"}],"wp:term":[{"taxonomy":"category","embeddable":true,"href":"https:\/\/www.todoeldia.com\/index.php\/wp-json\/wp\/v2\/categories?post=68321"},{"taxonomy":"post_tag","embeddable":true,"href":"https:\/\/www.todoeldia.com\/index.php\/wp-json\/wp\/v2\/tags?post=68321"}],"curies":[{"name":"wp","href":"https:\/\/api.w.org\/{rel}","templated":true}]}}