{"id":68324,"date":"2023-11-21T09:24:42","date_gmt":"2023-11-21T12:24:42","guid":{"rendered":"https:\/\/www.todoeldia.com\/?p=68324"},"modified":"2023-11-21T09:24:54","modified_gmt":"2023-11-21T12:24:54","slug":"clave-para-la-economia-de-argentina-hoy-javier-milei-y-alberto-fernandez-inician-la-transicion","status":"publish","type":"post","link":"https:\/\/www.todoeldia.com\/index.php\/2023\/11\/21\/clave-para-la-economia-de-argentina-hoy-javier-milei-y-alberto-fernandez-inician-la-transicion\/","title":{"rendered":"Clave para la econom\u00eda de Argentina: hoy Javier Milei y Alberto Fern\u00e1ndez inician la transici\u00f3n"},"content":{"rendered":"\n<p>En un acontecimiento hist\u00f3rico para la pol\u00edtica argentina, el presidente electo est\u00e1 reunido con el actual mandatario en la residencia de Olivos. Es el primer encuentro formal entre ambos.<\/p>\n\n\n\n<p>Esta reuni\u00f3n marca el inicio formal de un proceso de transici\u00f3n gubernamental que estuvo te\u00f1ido de incertidumbre y expectativas en las \u00faltimas horas.<\/p>\n\n\n\n<p>El pasado domingo, Argentina fue testigo de un cambio de rumbo pol\u00edtico significativo cuando Javier Milei gan\u00f3 el balotaje a Sergio Massa, ministro de Econom\u00eda.<\/p>\n\n\n\n<p>Desde el anuncio de los resultados, hubo una serie de idas y vueltas en cuanto al inicio del proceso de transici\u00f3n. Sin embargo, la coordinaci\u00f3n entre los equipos de Milei y Fern\u00e1ndez se destrab\u00f3 anoche a \u00faltima hora.<\/p>\n\n\n\n<p>Ejes de la reuni\u00f3n<\/p>\n\n\n\n<p>La reuni\u00f3n de hoy, por tanto, es un paso crucial hacia adelante. Se espera que Milei y Fern\u00e1ndez aborden una serie de temas clave, incluyendo la econom\u00eda, la pol\u00edtica exterior, y los desaf\u00edos sociales que enfrenta Argentina.<\/p>\n\n\n\n<p>La situaci\u00f3n econ\u00f3mica del pa\u00eds, marcada por la inflaci\u00f3n y la deuda, probablemente dominar\u00e1 gran parte de las discusiones.<\/p>\n\n\n\n<p>Adem\u00e1s, este encuentro podr\u00eda servir para suavizar las tensiones y establecer un tono de cooperaci\u00f3n entre ambos l\u00edderes, algo vital para el futuro inmediato de Argentina.<\/p>\n","protected":false},"excerpt":{"rendered":"<p>En un acontecimiento hist\u00f3rico para la pol\u00edtica argentina, el presidente electo est\u00e1 reunido con el actual mandatario en la residencia de Olivos. Es el primer encuentro formal entre ambos. Esta reuni\u00f3n marca el inicio formal de un proceso de transici\u00f3n gubernamental que estuvo te\u00f1ido de incertidumbre y expectativas en las \u00faltimas horas. El pasado domingo, [&hellip;]<\/p>\n","protected":false},"author":2,"featured_media":68325,"comment_status":"open","ping_status":"open","sticky":false,"template":"","format":"standard","meta":{"tdm_status":"","tdm_grid_status":"","_joinchat":[],"footnotes":""},"categories":[59],"tags":[],"class_list":{"0":"post-68324","1":"post","2":"type-post","3":"status-publish","4":"format-standard","5":"has-post-thumbnail","7":"category-politica"},"amp_enabled":true,"_links":{"self":[{"href":"https:\/\/www.todoeldia.com\/index.php\/wp-json\/wp\/v2\/posts\/68324","targetHints":{"allow":["GET"]}}],"collection":[{"href":"https:\/\/www.todoeldia.com\/index.php\/wp-json\/wp\/v2\/posts"}],"about":[{"href":"https:\/\/www.todoeldia.com\/index.php\/wp-json\/wp\/v2\/types\/post"}],"author":[{"embeddable":true,"href":"https:\/\/www.todoeldia.com\/index.php\/wp-json\/wp\/v2\/users\/2"}],"replies":[{"embeddable":true,"href":"https:\/\/www.todoeldia.com\/index.php\/wp-json\/wp\/v2\/comments?post=68324"}],"version-history":[{"count":1,"href":"https:\/\/www.todoeldia.com\/index.php\/wp-json\/wp\/v2\/posts\/68324\/revisions"}],"predecessor-version":[{"id":68326,"href":"https:\/\/www.todoeldia.com\/index.php\/wp-json\/wp\/v2\/posts\/68324\/revisions\/68326"}],"wp:featuredmedia":[{"embeddable":true,"href":"https:\/\/www.todoeldia.com\/index.php\/wp-json\/wp\/v2\/media\/68325"}],"wp:attachment":[{"href":"https:\/\/www.todoeldia.com\/index.php\/wp-json\/wp\/v2\/media?parent=68324"}],"wp:term":[{"taxonomy":"category","embeddable":true,"href":"https:\/\/www.todoeldia.com\/index.php\/wp-json\/wp\/v2\/categories?post=68324"},{"taxonomy":"post_tag","embeddable":true,"href":"https:\/\/www.todoeldia.com\/index.php\/wp-json\/wp\/v2\/tags?post=68324"}],"curies":[{"name":"wp","href":"https:\/\/api.w.org\/{rel}","templated":true}]}}