{"id":68330,"date":"2023-11-21T09:33:29","date_gmt":"2023-11-21T12:33:29","guid":{"rendered":"https:\/\/www.todoeldia.com\/?p=68330"},"modified":"2023-11-21T09:33:32","modified_gmt":"2023-11-21T12:33:32","slug":"guillermo-ferraro-el-ministro-de-infraestructura-de-milei-que-tendra-a-su-cargo-cinco-areas-clave-de-la-gestion","status":"publish","type":"post","link":"https:\/\/www.todoeldia.com\/index.php\/2023\/11\/21\/guillermo-ferraro-el-ministro-de-infraestructura-de-milei-que-tendra-a-su-cargo-cinco-areas-clave-de-la-gestion\/","title":{"rendered":"Guillermo Ferraro, el ministro de Infraestructura de Milei que tendr\u00e1 a su cargo cinco \u00e1reas clave de la gesti\u00f3n"},"content":{"rendered":"\n<p>Desde el pr\u00f3ximo 10 de diciembre, liderar\u00e1 un super ministerio que nuclear\u00e1 Transporte, Obras P\u00fablicas, Miner\u00eda, Energ\u00eda y Comunicaciones.<\/p>\n\n\n\n<p>Avanza la organizaci\u00f3n del nuevo gobierno libertario que comenzar\u00e1 a funcionar el pr\u00f3ximo 10 de diciembre, cuando Javier Milei jure y asuma como Presidente. Guillermo Ferraro ser\u00e1 el ministro de Infraestructura, que tendr\u00e1 a su cargo cinco \u00e1reas clave de la gesti\u00f3n: Transporte, Obras P\u00fablicas, Miner\u00eda, Energ\u00eda y Comunicaciones.<\/p>\n\n\n\n<p>As\u00ed lo confirm\u00f3 el futuro funcionario en di\u00e1logo con el periodista Eduardo Feinman en Radio Mitre. \u201dEl enfoque que tenemos es que el Estado tiene que reducir su participaci\u00f3n en la econom\u00eda para dar lugar al sector privado. Vamos a orientar e incentivar al sector privado para su inversi\u00f3n\u201c, se\u00f1al\u00f3.<\/p>\n\n\n\n<p>En esta l\u00ednea, Ferraro afirm\u00f3 que la Argentina \u201ctiene un atraso de m\u00e1s de 20 a\u00f1os en infraestructura\u201d, y asegur\u00f3 que \u201ccasi todas las estimaciones para poner en valor la infraestructura, tanto de los organismos multilaterales como de las c\u00e1maras del sector, es tan importante en t\u00e9rminos de PBI, 15 puntos anuales, que es imposible dedicarle el presupuesto p\u00fablico\u201d.<\/p>\n","protected":false},"excerpt":{"rendered":"<p>Desde el pr\u00f3ximo 10 de diciembre, liderar\u00e1 un super ministerio que nuclear\u00e1 Transporte, Obras P\u00fablicas, Miner\u00eda, Energ\u00eda y Comunicaciones. Avanza la organizaci\u00f3n del nuevo gobierno libertario que comenzar\u00e1 a funcionar el pr\u00f3ximo 10 de diciembre, cuando Javier Milei jure y asuma como Presidente. Guillermo Ferraro ser\u00e1 el ministro de Infraestructura, que tendr\u00e1 a su cargo [&hellip;]<\/p>\n","protected":false},"author":2,"featured_media":68331,"comment_status":"open","ping_status":"open","sticky":false,"template":"","format":"standard","meta":{"tdm_status":"","tdm_grid_status":"","_joinchat":[],"footnotes":""},"categories":[59],"tags":[],"class_list":{"0":"post-68330","1":"post","2":"type-post","3":"status-publish","4":"format-standard","5":"has-post-thumbnail","7":"category-politica"},"amp_enabled":true,"_links":{"self":[{"href":"https:\/\/www.todoeldia.com\/index.php\/wp-json\/wp\/v2\/posts\/68330","targetHints":{"allow":["GET"]}}],"collection":[{"href":"https:\/\/www.todoeldia.com\/index.php\/wp-json\/wp\/v2\/posts"}],"about":[{"href":"https:\/\/www.todoeldia.com\/index.php\/wp-json\/wp\/v2\/types\/post"}],"author":[{"embeddable":true,"href":"https:\/\/www.todoeldia.com\/index.php\/wp-json\/wp\/v2\/users\/2"}],"replies":[{"embeddable":true,"href":"https:\/\/www.todoeldia.com\/index.php\/wp-json\/wp\/v2\/comments?post=68330"}],"version-history":[{"count":1,"href":"https:\/\/www.todoeldia.com\/index.php\/wp-json\/wp\/v2\/posts\/68330\/revisions"}],"predecessor-version":[{"id":68332,"href":"https:\/\/www.todoeldia.com\/index.php\/wp-json\/wp\/v2\/posts\/68330\/revisions\/68332"}],"wp:featuredmedia":[{"embeddable":true,"href":"https:\/\/www.todoeldia.com\/index.php\/wp-json\/wp\/v2\/media\/68331"}],"wp:attachment":[{"href":"https:\/\/www.todoeldia.com\/index.php\/wp-json\/wp\/v2\/media?parent=68330"}],"wp:term":[{"taxonomy":"category","embeddable":true,"href":"https:\/\/www.todoeldia.com\/index.php\/wp-json\/wp\/v2\/categories?post=68330"},{"taxonomy":"post_tag","embeddable":true,"href":"https:\/\/www.todoeldia.com\/index.php\/wp-json\/wp\/v2\/tags?post=68330"}],"curies":[{"name":"wp","href":"https:\/\/api.w.org\/{rel}","templated":true}]}}