{"id":68347,"date":"2023-11-21T15:22:36","date_gmt":"2023-11-21T18:22:36","guid":{"rendered":"https:\/\/www.todoeldia.com\/?p=68347"},"modified":"2023-11-21T15:25:50","modified_gmt":"2023-11-21T18:25:50","slug":"otro-hombre-que-vivia-en-situacion-de-calle-fue-encontrado-muerto-en-el-parque-san-martin","status":"publish","type":"post","link":"https:\/\/www.todoeldia.com\/index.php\/2023\/11\/21\/otro-hombre-que-vivia-en-situacion-de-calle-fue-encontrado-muerto-en-el-parque-san-martin\/","title":{"rendered":"Otro hombre que viv\u00eda en situaci\u00f3n de calle fue encontrado muerto en el Parque San Mart\u00edn"},"content":{"rendered":"\n<p>El primero de ellos que viv\u00eda en situaci\u00f3n de calle fue hallado cerca de las 6 de la ma\u00f1ana en General G\u00fcemes entre Balcarce y Mitre a metros de la central de Polic\u00eda.<\/p>\n\n\n\n<p>Y al mediod\u00eda fue reportado otro hombre sin vida en el Parque San Mart\u00edn. De edad avanzada viv\u00eda en el lugar y sol\u00eda solicitar ayuda econ\u00f3mica a las personas que diariamente transitan por la zona.<\/p>\n\n\n\n<p>Los cuerpos de ambos hombres fueron trasladados al hospital San Bernardo para la correspondiente autopsia. Seg\u00fan las primeras informaciones no presentaban lesiones por lo que se estima que fallecieron de un paro cardiorrespiratorio.<\/p>\n","protected":false},"excerpt":{"rendered":"<p>El primero de ellos que viv\u00eda en situaci\u00f3n de calle fue hallado cerca de las 6 de la ma\u00f1ana en General G\u00fcemes entre Balcarce y Mitre a metros de la central de Polic\u00eda. Y al mediod\u00eda fue reportado otro hombre sin vida en el Parque San Mart\u00edn. De edad avanzada viv\u00eda en el lugar y [&hellip;]<\/p>\n","protected":false},"author":2,"featured_media":68348,"comment_status":"open","ping_status":"open","sticky":false,"template":"","format":"standard","meta":{"tdm_status":"","tdm_grid_status":"","_joinchat":[],"footnotes":""},"categories":[63],"tags":[],"class_list":{"0":"post-68347","1":"post","2":"type-post","3":"status-publish","4":"format-standard","5":"has-post-thumbnail","7":"category-policiales"},"amp_enabled":true,"_links":{"self":[{"href":"https:\/\/www.todoeldia.com\/index.php\/wp-json\/wp\/v2\/posts\/68347","targetHints":{"allow":["GET"]}}],"collection":[{"href":"https:\/\/www.todoeldia.com\/index.php\/wp-json\/wp\/v2\/posts"}],"about":[{"href":"https:\/\/www.todoeldia.com\/index.php\/wp-json\/wp\/v2\/types\/post"}],"author":[{"embeddable":true,"href":"https:\/\/www.todoeldia.com\/index.php\/wp-json\/wp\/v2\/users\/2"}],"replies":[{"embeddable":true,"href":"https:\/\/www.todoeldia.com\/index.php\/wp-json\/wp\/v2\/comments?post=68347"}],"version-history":[{"count":2,"href":"https:\/\/www.todoeldia.com\/index.php\/wp-json\/wp\/v2\/posts\/68347\/revisions"}],"predecessor-version":[{"id":68350,"href":"https:\/\/www.todoeldia.com\/index.php\/wp-json\/wp\/v2\/posts\/68347\/revisions\/68350"}],"wp:featuredmedia":[{"embeddable":true,"href":"https:\/\/www.todoeldia.com\/index.php\/wp-json\/wp\/v2\/media\/68348"}],"wp:attachment":[{"href":"https:\/\/www.todoeldia.com\/index.php\/wp-json\/wp\/v2\/media?parent=68347"}],"wp:term":[{"taxonomy":"category","embeddable":true,"href":"https:\/\/www.todoeldia.com\/index.php\/wp-json\/wp\/v2\/categories?post=68347"},{"taxonomy":"post_tag","embeddable":true,"href":"https:\/\/www.todoeldia.com\/index.php\/wp-json\/wp\/v2\/tags?post=68347"}],"curies":[{"name":"wp","href":"https:\/\/api.w.org\/{rel}","templated":true}]}}