{"id":68351,"date":"2023-11-21T15:32:13","date_gmt":"2023-11-21T18:32:13","guid":{"rendered":"https:\/\/www.todoeldia.com\/?p=68351"},"modified":"2023-11-21T15:32:26","modified_gmt":"2023-11-21T18:32:26","slug":"el-papa-francisco-llamo-a-javier-milei-para-felicitarlo-por-su-victoria-en-el-balotaje","status":"publish","type":"post","link":"https:\/\/www.todoeldia.com\/index.php\/2023\/11\/21\/el-papa-francisco-llamo-a-javier-milei-para-felicitarlo-por-su-victoria-en-el-balotaje\/","title":{"rendered":"El papa Francisco llam\u00f3 a Javier Milei para felicitarlo por su victoria en el balotaje"},"content":{"rendered":"\n<p>Durante la campa\u00f1a, el mandatario hab\u00eda cuestionado al Pont\u00edfice y luego se disculp\u00f3.<\/p>\n\n\n\n<p>El papa Francisco se comunic\u00f3 telef\u00f3nicamente este martes con Javier Milei, ganador del balotaje y futuro presidente de los argentinos.<\/p>\n\n\n\n<p>El di\u00e1logo fue \u201cameno y muy bueno\u201d y el mandatario electo ratific\u00f3 la invitaci\u00f3n para que el Pont\u00edfice visite la Argentina el pr\u00f3ximo a\u00f1o \u201ccomo jefe de Estado y l\u00edder de la Iglesia\u201d, precisaron allegados al diputado libertario que el pr\u00f3ximo 10 de diciembre asumir\u00e1 en Casa Rosada. Durante todo el di\u00e1logo se dirigi\u00f3 al obispo de Roma como \u201csu santidad\u201d.<\/p>\n","protected":false},"excerpt":{"rendered":"<p>Durante la campa\u00f1a, el mandatario hab\u00eda cuestionado al Pont\u00edfice y luego se disculp\u00f3. El papa Francisco se comunic\u00f3 telef\u00f3nicamente este martes con Javier Milei, ganador del balotaje y futuro presidente de los argentinos. El di\u00e1logo fue \u201cameno y muy bueno\u201d y el mandatario electo ratific\u00f3 la invitaci\u00f3n para que el Pont\u00edfice visite la Argentina el [&hellip;]<\/p>\n","protected":false},"author":2,"featured_media":68352,"comment_status":"open","ping_status":"open","sticky":false,"template":"","format":"standard","meta":{"tdm_status":"","tdm_grid_status":"","_joinchat":[],"footnotes":""},"categories":[59],"tags":[],"class_list":{"0":"post-68351","1":"post","2":"type-post","3":"status-publish","4":"format-standard","5":"has-post-thumbnail","7":"category-politica"},"amp_enabled":true,"_links":{"self":[{"href":"https:\/\/www.todoeldia.com\/index.php\/wp-json\/wp\/v2\/posts\/68351","targetHints":{"allow":["GET"]}}],"collection":[{"href":"https:\/\/www.todoeldia.com\/index.php\/wp-json\/wp\/v2\/posts"}],"about":[{"href":"https:\/\/www.todoeldia.com\/index.php\/wp-json\/wp\/v2\/types\/post"}],"author":[{"embeddable":true,"href":"https:\/\/www.todoeldia.com\/index.php\/wp-json\/wp\/v2\/users\/2"}],"replies":[{"embeddable":true,"href":"https:\/\/www.todoeldia.com\/index.php\/wp-json\/wp\/v2\/comments?post=68351"}],"version-history":[{"count":1,"href":"https:\/\/www.todoeldia.com\/index.php\/wp-json\/wp\/v2\/posts\/68351\/revisions"}],"predecessor-version":[{"id":68353,"href":"https:\/\/www.todoeldia.com\/index.php\/wp-json\/wp\/v2\/posts\/68351\/revisions\/68353"}],"wp:featuredmedia":[{"embeddable":true,"href":"https:\/\/www.todoeldia.com\/index.php\/wp-json\/wp\/v2\/media\/68352"}],"wp:attachment":[{"href":"https:\/\/www.todoeldia.com\/index.php\/wp-json\/wp\/v2\/media?parent=68351"}],"wp:term":[{"taxonomy":"category","embeddable":true,"href":"https:\/\/www.todoeldia.com\/index.php\/wp-json\/wp\/v2\/categories?post=68351"},{"taxonomy":"post_tag","embeddable":true,"href":"https:\/\/www.todoeldia.com\/index.php\/wp-json\/wp\/v2\/tags?post=68351"}],"curies":[{"name":"wp","href":"https:\/\/api.w.org\/{rel}","templated":true}]}}