{"id":68354,"date":"2023-11-21T15:35:00","date_gmt":"2023-11-21T18:35:00","guid":{"rendered":"https:\/\/www.todoeldia.com\/?p=68354"},"modified":"2023-11-21T15:35:09","modified_gmt":"2023-11-21T18:35:09","slug":"marina-calabro-rechazo-una-oferta-de-javier-milei-para-ser-la-vocera-presidencial","status":"publish","type":"post","link":"https:\/\/www.todoeldia.com\/index.php\/2023\/11\/21\/marina-calabro-rechazo-una-oferta-de-javier-milei-para-ser-la-vocera-presidencial\/","title":{"rendered":"Marina Calabr\u00f3 rechaz\u00f3 una oferta de Javier Milei para ser la vocera presidencial"},"content":{"rendered":"\n<p>El presidente electo y la periodista se conocen desde hace m\u00e1s de 20 a\u00f1os.<\/p>\n\n\n\n<p>El presidente electo, Javier Milei, sigue con el armado de su Gabinete a dos d\u00edas de ganar el balotaje de manera contundente contra Sergio Massa. En este contexto, la periodista Marina Calabr\u00f3 rechaz\u00f3 un ofrecimiento que se conoci\u00f3 en las \u00faltimas horas para ocupar el rol de vocera presidencial, cargo que en la actualidad ostenta Gabriela Cerruti.<\/p>\n\n\n\n<p>\u201cLamentablemente, me va a tener que seguir aguantando\u201d, ironiz\u00f3 Calabr\u00f3 ante una consulta de Jorge Lanata en Radio Mitre. M\u00e1s temprano, \u00c1ngel De Brito ya hab\u00eda adelantado la negativa de la periodista para integrar el futuro gobierno de La Libertad Avanza.<\/p>\n","protected":false},"excerpt":{"rendered":"<p>El presidente electo y la periodista se conocen desde hace m\u00e1s de 20 a\u00f1os. El presidente electo, Javier Milei, sigue con el armado de su Gabinete a dos d\u00edas de ganar el balotaje de manera contundente contra Sergio Massa. En este contexto, la periodista Marina Calabr\u00f3 rechaz\u00f3 un ofrecimiento que se conoci\u00f3 en las \u00faltimas [&hellip;]<\/p>\n","protected":false},"author":2,"featured_media":68355,"comment_status":"open","ping_status":"open","sticky":false,"template":"","format":"standard","meta":{"tdm_status":"","tdm_grid_status":"","_joinchat":[],"footnotes":""},"categories":[59],"tags":[],"class_list":{"0":"post-68354","1":"post","2":"type-post","3":"status-publish","4":"format-standard","5":"has-post-thumbnail","7":"category-politica"},"amp_enabled":true,"_links":{"self":[{"href":"https:\/\/www.todoeldia.com\/index.php\/wp-json\/wp\/v2\/posts\/68354","targetHints":{"allow":["GET"]}}],"collection":[{"href":"https:\/\/www.todoeldia.com\/index.php\/wp-json\/wp\/v2\/posts"}],"about":[{"href":"https:\/\/www.todoeldia.com\/index.php\/wp-json\/wp\/v2\/types\/post"}],"author":[{"embeddable":true,"href":"https:\/\/www.todoeldia.com\/index.php\/wp-json\/wp\/v2\/users\/2"}],"replies":[{"embeddable":true,"href":"https:\/\/www.todoeldia.com\/index.php\/wp-json\/wp\/v2\/comments?post=68354"}],"version-history":[{"count":1,"href":"https:\/\/www.todoeldia.com\/index.php\/wp-json\/wp\/v2\/posts\/68354\/revisions"}],"predecessor-version":[{"id":68356,"href":"https:\/\/www.todoeldia.com\/index.php\/wp-json\/wp\/v2\/posts\/68354\/revisions\/68356"}],"wp:featuredmedia":[{"embeddable":true,"href":"https:\/\/www.todoeldia.com\/index.php\/wp-json\/wp\/v2\/media\/68355"}],"wp:attachment":[{"href":"https:\/\/www.todoeldia.com\/index.php\/wp-json\/wp\/v2\/media?parent=68354"}],"wp:term":[{"taxonomy":"category","embeddable":true,"href":"https:\/\/www.todoeldia.com\/index.php\/wp-json\/wp\/v2\/categories?post=68354"},{"taxonomy":"post_tag","embeddable":true,"href":"https:\/\/www.todoeldia.com\/index.php\/wp-json\/wp\/v2\/tags?post=68354"}],"curies":[{"name":"wp","href":"https:\/\/api.w.org\/{rel}","templated":true}]}}