{"id":68357,"date":"2023-11-21T15:41:14","date_gmt":"2023-11-21T18:41:14","guid":{"rendered":"https:\/\/www.todoeldia.com\/?p=68357"},"modified":"2023-11-21T15:41:42","modified_gmt":"2023-11-21T18:41:42","slug":"juicio-para-los-que-corrian-picadas-y-mataron-a-dos-jovenes-en-la-avenida-del-carnaval","status":"publish","type":"post","link":"https:\/\/www.todoeldia.com\/index.php\/2023\/11\/21\/juicio-para-los-que-corrian-picadas-y-mataron-a-dos-jovenes-en-la-avenida-del-carnaval\/","title":{"rendered":"Juicio para los que corr\u00edan picadas y mataron a dos j\u00f3venes en la avenida del Carnaval"},"content":{"rendered":"\n<p>Dos hombres ser\u00e1n juzgados por un siniestro vial que provoc\u00f3 la muerte de dos personas tras una prueba de velocidad no autorizada, ocurrida el 10 de diciembre de 2021.<\/p>\n\n\n\n<p>El fiscal penal de la Unidad de Graves Atentados contra las Personas, Leandro Flores, representar\u00e1 al Ministerio P\u00fablico Fiscal ante la Sala I del Tribunal de Juicio del distrito Centro en la audiencia de debate contra Leandro Jos\u00e9 Medina y Silvio Mariano Morangiu Di Piazza como coautores del delito de homicidio simple con dolo eventual en perjuicio de dos j\u00f3venes de 21 a\u00f1os.<\/p>\n\n\n\n<p>El hecho investigado ocurri\u00f3 el 10 de diciembre de 2021 en avenida del Carnaval, zona sur de la ciudad de Salta, cuando dos j\u00f3venes perdieron la vida y un tercero result\u00f3 lesionado luego de correr \u201cpicadas\u201d.<\/p>\n\n\n\n<p>En el requerimiento se exponen las numerosas medidas de prueba producidas a lo largo de la investigaci\u00f3n, las cuales respaldan la afirmaci\u00f3n de que los acusados llevaron a cabo pruebas de velocidad vehicular no autorizadas. En este contexto, utilizaron motocicletas modificadas para alcanzar mayor rapidez, pero con deficiencias en sus elementos de seguridad. Se aceler\u00f3 al m\u00e1ximo a pesar de la presencia de otras motocicletas que se aproximaban de frente, a quienes terminaron colisionando. Adem\u00e1s, uno de los imputados, tras la colisi\u00f3n, no se detuvo y se dio a la fuga.<\/p>\n\n\n\n<p>La audiencia es presidida por el juez Javier Aranibar y est\u00e1 previsto que se extienda hasta la pr\u00f3xima semana.<\/p>\n","protected":false},"excerpt":{"rendered":"<p>Dos hombres ser\u00e1n juzgados por un siniestro vial que provoc\u00f3 la muerte de dos personas tras una prueba de velocidad no autorizada, ocurrida el 10 de diciembre de 2021. El fiscal penal de la Unidad de Graves Atentados contra las Personas, Leandro Flores, representar\u00e1 al Ministerio P\u00fablico Fiscal ante la Sala I del Tribunal de [&hellip;]<\/p>\n","protected":false},"author":2,"featured_media":43806,"comment_status":"open","ping_status":"open","sticky":false,"template":"","format":"standard","meta":{"tdm_status":"","tdm_grid_status":"","_joinchat":[],"footnotes":""},"categories":[63],"tags":[],"class_list":{"0":"post-68357","1":"post","2":"type-post","3":"status-publish","4":"format-standard","5":"has-post-thumbnail","7":"category-policiales"},"amp_enabled":true,"_links":{"self":[{"href":"https:\/\/www.todoeldia.com\/index.php\/wp-json\/wp\/v2\/posts\/68357","targetHints":{"allow":["GET"]}}],"collection":[{"href":"https:\/\/www.todoeldia.com\/index.php\/wp-json\/wp\/v2\/posts"}],"about":[{"href":"https:\/\/www.todoeldia.com\/index.php\/wp-json\/wp\/v2\/types\/post"}],"author":[{"embeddable":true,"href":"https:\/\/www.todoeldia.com\/index.php\/wp-json\/wp\/v2\/users\/2"}],"replies":[{"embeddable":true,"href":"https:\/\/www.todoeldia.com\/index.php\/wp-json\/wp\/v2\/comments?post=68357"}],"version-history":[{"count":1,"href":"https:\/\/www.todoeldia.com\/index.php\/wp-json\/wp\/v2\/posts\/68357\/revisions"}],"predecessor-version":[{"id":68358,"href":"https:\/\/www.todoeldia.com\/index.php\/wp-json\/wp\/v2\/posts\/68357\/revisions\/68358"}],"wp:featuredmedia":[{"embeddable":true,"href":"https:\/\/www.todoeldia.com\/index.php\/wp-json\/wp\/v2\/media\/43806"}],"wp:attachment":[{"href":"https:\/\/www.todoeldia.com\/index.php\/wp-json\/wp\/v2\/media?parent=68357"}],"wp:term":[{"taxonomy":"category","embeddable":true,"href":"https:\/\/www.todoeldia.com\/index.php\/wp-json\/wp\/v2\/categories?post=68357"},{"taxonomy":"post_tag","embeddable":true,"href":"https:\/\/www.todoeldia.com\/index.php\/wp-json\/wp\/v2\/tags?post=68357"}],"curies":[{"name":"wp","href":"https:\/\/api.w.org\/{rel}","templated":true}]}}