{"id":68359,"date":"2023-11-21T20:43:52","date_gmt":"2023-11-21T23:43:52","guid":{"rendered":"https:\/\/www.todoeldia.com\/?p=68359"},"modified":"2023-11-21T20:43:55","modified_gmt":"2023-11-21T23:43:55","slug":"prision-perpetua-para-juan-gallardo-el-asesino-de-agustina-abigail-cruz-en-coronel-moldes","status":"publish","type":"post","link":"https:\/\/www.todoeldia.com\/index.php\/2023\/11\/21\/prision-perpetua-para-juan-gallardo-el-asesino-de-agustina-abigail-cruz-en-coronel-moldes\/","title":{"rendered":"Prisi\u00f3n perpetua para Juan Gallardo el asesino de Agustina Abigail Cruz en Coronel Moldes"},"content":{"rendered":"\n<p>El hecho ocurri\u00f3 en octubre de 2021, cuando la mujer de 17 a\u00f1os fue lesionada mortalmente con un arma blanca por el joven con el que hab\u00eda mantenido una relaci\u00f3n de pareja. Ser\u00e1 registrado en el Banco de Datos Gen\u00e9ticos.<\/p>\n\n\n\n<p>La fiscal penal de la Unidad de Femicidios, M\u00f3nica Poma, represent\u00f3 al Ministerio P\u00fablico Fiscal ante la Sala VII del Tribunal de Juicio del distrito Centro, en la audiencia de debate contra Juan Rodrigo Gallardo como autor de los delitos de homicidio doblemente calificado por la relaci\u00f3n de pareja previa y por mediar violencia de g\u00e9nero (femicidio) en perjuicio de una adolescente de 17 a\u00f1os con la que mantuvo una relaci\u00f3n de pareja. Tambi\u00e9n por desobediencia judicial, coacci\u00f3n con arma (dos hechos) y coacci\u00f3n en concurso real.<\/p>\n\n\n\n<p>Este martes, durante los alegatos, la fiscal Poma sostuvo la acusaci\u00f3n y solicit\u00f3 para el acusado la pena de prisi\u00f3n perpetua.<\/p>\n\n\n\n<p>Haciendo lugar a la solicitud de la Representante del Ministerio P\u00fablico, el Tribunal integrado por los jueces Federico Diez, Paola Marocco y Francisco Mascarello, conden\u00f3 a Gallardo a la pena de prisi\u00f3n perpetua por los delitos por los que lleg\u00f3 requerido a juicio.<\/p>\n","protected":false},"excerpt":{"rendered":"<p>El hecho ocurri\u00f3 en octubre de 2021, cuando la mujer de 17 a\u00f1os fue lesionada mortalmente con un arma blanca por el joven con el que hab\u00eda mantenido una relaci\u00f3n de pareja. Ser\u00e1 registrado en el Banco de Datos Gen\u00e9ticos. La fiscal penal de la Unidad de Femicidios, M\u00f3nica Poma, represent\u00f3 al Ministerio P\u00fablico Fiscal [&hellip;]<\/p>\n","protected":false},"author":2,"featured_media":68360,"comment_status":"open","ping_status":"open","sticky":false,"template":"","format":"standard","meta":{"tdm_status":"","tdm_grid_status":"","_joinchat":[],"footnotes":""},"categories":[63],"tags":[],"class_list":{"0":"post-68359","1":"post","2":"type-post","3":"status-publish","4":"format-standard","5":"has-post-thumbnail","7":"category-policiales"},"amp_enabled":true,"_links":{"self":[{"href":"https:\/\/www.todoeldia.com\/index.php\/wp-json\/wp\/v2\/posts\/68359","targetHints":{"allow":["GET"]}}],"collection":[{"href":"https:\/\/www.todoeldia.com\/index.php\/wp-json\/wp\/v2\/posts"}],"about":[{"href":"https:\/\/www.todoeldia.com\/index.php\/wp-json\/wp\/v2\/types\/post"}],"author":[{"embeddable":true,"href":"https:\/\/www.todoeldia.com\/index.php\/wp-json\/wp\/v2\/users\/2"}],"replies":[{"embeddable":true,"href":"https:\/\/www.todoeldia.com\/index.php\/wp-json\/wp\/v2\/comments?post=68359"}],"version-history":[{"count":1,"href":"https:\/\/www.todoeldia.com\/index.php\/wp-json\/wp\/v2\/posts\/68359\/revisions"}],"predecessor-version":[{"id":68361,"href":"https:\/\/www.todoeldia.com\/index.php\/wp-json\/wp\/v2\/posts\/68359\/revisions\/68361"}],"wp:featuredmedia":[{"embeddable":true,"href":"https:\/\/www.todoeldia.com\/index.php\/wp-json\/wp\/v2\/media\/68360"}],"wp:attachment":[{"href":"https:\/\/www.todoeldia.com\/index.php\/wp-json\/wp\/v2\/media?parent=68359"}],"wp:term":[{"taxonomy":"category","embeddable":true,"href":"https:\/\/www.todoeldia.com\/index.php\/wp-json\/wp\/v2\/categories?post=68359"},{"taxonomy":"post_tag","embeddable":true,"href":"https:\/\/www.todoeldia.com\/index.php\/wp-json\/wp\/v2\/tags?post=68359"}],"curies":[{"name":"wp","href":"https:\/\/api.w.org\/{rel}","templated":true}]}}