{"id":68362,"date":"2023-11-21T21:00:44","date_gmt":"2023-11-22T00:00:44","guid":{"rendered":"https:\/\/www.todoeldia.com\/?p=68362"},"modified":"2023-11-21T21:00:48","modified_gmt":"2023-11-22T00:00:48","slug":"alberto-fernandez-no-se-hace-responsable-de-la-derrota-de-sergio-massa","status":"publish","type":"post","link":"https:\/\/www.todoeldia.com\/index.php\/2023\/11\/21\/alberto-fernandez-no-se-hace-responsable-de-la-derrota-de-sergio-massa\/","title":{"rendered":"Alberto Fern\u00e1ndez no se hace \u00a0responsable de la derrota de Sergio Massa"},"content":{"rendered":"\n<p>El presidente dio una entrevista a un medio colombiano luego del encuentro que mantuvo con Javier Milei en la Quinta de Olivos. Sobre la reuni\u00f3n con el libertario enfatiz\u00f3: \u201cLo que habl\u00e9 con \u00e9l queda entre \u00e9l y yo\u201d.<\/p>\n\n\n\n<p>Alberto Fern\u00e1ndez rompi\u00f3 el silencio sobre el triunfo de Javier Milei en el balotaje. \u201cNo me siento responsable de la derrota de Sergio Massa\u201d, dijo Alberto Fern\u00e1ndez en una entrevista que dio al medio NTN24 de Colombia.<\/p>\n\n\n\n<p>Adem\u00e1s, agreg\u00f3: \u201cOjal\u00e1 que el nuevo presidente haga las cosas bien. No comparto muchas de sus miradas, pero si le va bien, le va bien a la Argentina. No quiero ser un obst\u00e1culo\u201d.<\/p>\n\n\n\n<p>Ante la pregunta por si se siente responsable de la derrota de Sergio Massa, Fern\u00e1ndez lo neg\u00f3: \u201cNo. Lo que creo es que los espacios nuestros deben replantearse. Es evidente que no hemos podido sintonizar con mucha gente del pueblo. Porque este es un gobierno que ha atravesado cuatro a\u00f1os de muchos problemas\u201d.<\/p>\n\n\n\n<p>Sobre la reuni\u00f3n de transici\u00f3n, que tuvo este mediod\u00eda con Javier Milei, Alberto Fern\u00e1ndez dijo: \u201cEs una reuni\u00f3n institucional, una reuni\u00f3n que reclamaba seriedad, pero fue una reuni\u00f3n cordial, una reuni\u00f3n amable que se prolong\u00f3 por m\u00e1s de dos horas\u201d.<\/p>\n\n\n\n<p>\u201cEste es un gobierno que ha atravesado cuatro a\u00f1os de muchos problemas. No tiene mucho sentido hablar sobre eso en este momento donde estoy llamando a una reflexi\u00f3n colectiva. Yo estoy llamando a la reflexi\u00f3n, no estoy buscando culpables\u201d, enfatiz\u00f3 el mandatario.<\/p>\n","protected":false},"excerpt":{"rendered":"<p>El presidente dio una entrevista a un medio colombiano luego del encuentro que mantuvo con Javier Milei en la Quinta de Olivos. Sobre la reuni\u00f3n con el libertario enfatiz\u00f3: \u201cLo que habl\u00e9 con \u00e9l queda entre \u00e9l y yo\u201d. Alberto Fern\u00e1ndez rompi\u00f3 el silencio sobre el triunfo de Javier Milei en el balotaje. \u201cNo me [&hellip;]<\/p>\n","protected":false},"author":2,"featured_media":68363,"comment_status":"open","ping_status":"open","sticky":false,"template":"","format":"standard","meta":{"tdm_status":"","tdm_grid_status":"","_joinchat":[],"footnotes":""},"categories":[59],"tags":[],"class_list":{"0":"post-68362","1":"post","2":"type-post","3":"status-publish","4":"format-standard","5":"has-post-thumbnail","7":"category-politica"},"amp_enabled":true,"_links":{"self":[{"href":"https:\/\/www.todoeldia.com\/index.php\/wp-json\/wp\/v2\/posts\/68362","targetHints":{"allow":["GET"]}}],"collection":[{"href":"https:\/\/www.todoeldia.com\/index.php\/wp-json\/wp\/v2\/posts"}],"about":[{"href":"https:\/\/www.todoeldia.com\/index.php\/wp-json\/wp\/v2\/types\/post"}],"author":[{"embeddable":true,"href":"https:\/\/www.todoeldia.com\/index.php\/wp-json\/wp\/v2\/users\/2"}],"replies":[{"embeddable":true,"href":"https:\/\/www.todoeldia.com\/index.php\/wp-json\/wp\/v2\/comments?post=68362"}],"version-history":[{"count":1,"href":"https:\/\/www.todoeldia.com\/index.php\/wp-json\/wp\/v2\/posts\/68362\/revisions"}],"predecessor-version":[{"id":68364,"href":"https:\/\/www.todoeldia.com\/index.php\/wp-json\/wp\/v2\/posts\/68362\/revisions\/68364"}],"wp:featuredmedia":[{"embeddable":true,"href":"https:\/\/www.todoeldia.com\/index.php\/wp-json\/wp\/v2\/media\/68363"}],"wp:attachment":[{"href":"https:\/\/www.todoeldia.com\/index.php\/wp-json\/wp\/v2\/media?parent=68362"}],"wp:term":[{"taxonomy":"category","embeddable":true,"href":"https:\/\/www.todoeldia.com\/index.php\/wp-json\/wp\/v2\/categories?post=68362"},{"taxonomy":"post_tag","embeddable":true,"href":"https:\/\/www.todoeldia.com\/index.php\/wp-json\/wp\/v2\/tags?post=68362"}],"curies":[{"name":"wp","href":"https:\/\/api.w.org\/{rel}","templated":true}]}}