{"id":68373,"date":"2023-11-22T11:32:41","date_gmt":"2023-11-22T14:32:41","guid":{"rendered":"https:\/\/www.todoeldia.com\/?p=68373"},"modified":"2023-11-22T11:33:23","modified_gmt":"2023-11-22T14:33:23","slug":"tenian-43-y-48-anos-los-hombres-en-situacion-de-calle-que-fallecieron-ayer","status":"publish","type":"post","link":"https:\/\/www.todoeldia.com\/index.php\/2023\/11\/22\/tenian-43-y-48-anos-los-hombres-en-situacion-de-calle-que-fallecieron-ayer\/","title":{"rendered":"Ten\u00edan 43 y 48 a\u00f1os los hombres en situaci\u00f3n de calle que fallecieron ayer"},"content":{"rendered":"\n<p>Durante del martes, dos personas mayores de edad fueron encontradas sin vida en la v\u00eda p\u00fablica. En ambos casos se trata de hombres que se encontraban en situaci\u00f3n de calle. Se dispusieron numerosas medidas tendientes a determinar la causa y circunstancias de los decesos.<\/p>\n\n\n\n<p>El fiscal penal 2 de la Unidad de Graves Atentados contra las Personas en turno, Gabriel Gonz\u00e1lez, tom\u00f3 intervenci\u00f3n ante el reporte de dos personas sin vida durante la jornada de este martes en la zona centro de la ciudad de Salta.<\/p>\n\n\n\n<p>El primer hecho ocurri\u00f3 durante la ma\u00f1ana en calle General G\u00fcemes al 600 de la ciudad de Salta, donde se report\u00f3 la presencia de un hombre sin vida en la v\u00eda p\u00fablica. Se trata de un hombre de 43 a\u00f1os.<\/p>\n\n\n\n<figure class=\"wp-block-image size-full is-resized\"><img loading=\"lazy\" decoding=\"async\" width=\"800\" height=\"450\" src=\"https:\/\/www.todoeldia.com\/wp-content\/uploads\/2023\/11\/muerto-en-la-guemes.jpg\" alt=\"\" class=\"wp-image-68327\" style=\"width:1068px;height:auto\" srcset=\"https:\/\/www.todoeldia.com\/wp-content\/uploads\/2023\/11\/muerto-en-la-guemes.jpg 800w, https:\/\/www.todoeldia.com\/wp-content\/uploads\/2023\/11\/muerto-en-la-guemes-300x169.jpg 300w, https:\/\/www.todoeldia.com\/wp-content\/uploads\/2023\/11\/muerto-en-la-guemes-768x432.jpg 768w, https:\/\/www.todoeldia.com\/wp-content\/uploads\/2023\/11\/muerto-en-la-guemes-696x392.jpg 696w, https:\/\/www.todoeldia.com\/wp-content\/uploads\/2023\/11\/muerto-en-la-guemes-747x420.jpg 747w\" sizes=\"auto, (max-width: 800px) 100vw, 800px\" \/><\/figure>\n\n\n\n<p>El segundo hecho ocurri\u00f3 horas m\u00e1s tarde en avenida San Mart\u00edn, entre calles Lerma y Catamarca, donde un hombre de 48 a\u00f1os, quien ten\u00eda movilidad reducida y se desplazaba en una silla de ruedas, falleci\u00f3 al sufrir una descompensaci\u00f3n.<\/p>\n\n\n\n<p>En ambos casos, el fiscal Gonz\u00e1lez dispuso que los cuerpos sean trasladados al Servicio de Tanatolog\u00eda Forense del CIF, donde se les realiz\u00f3 la autopsia y se solicit\u00f3 la realizaci\u00f3n de estudios complementarios que permitir\u00e1n determinar la causa de los decesos.<\/p>\n\n\n\n<p>Las dos personas fueron identificadas y ya se iniciaron los tr\u00e1mites tendientes a su inhumaci\u00f3n.<\/p>\n","protected":false},"excerpt":{"rendered":"<p>Durante del martes, dos personas mayores de edad fueron encontradas sin vida en la v\u00eda p\u00fablica. En ambos casos se trata de hombres que se encontraban en situaci\u00f3n de calle. Se dispusieron numerosas medidas tendientes a determinar la causa y circunstancias de los decesos. El fiscal penal 2 de la Unidad de Graves Atentados contra [&hellip;]<\/p>\n","protected":false},"author":2,"featured_media":68348,"comment_status":"open","ping_status":"open","sticky":false,"template":"","format":"standard","meta":{"tdm_status":"","tdm_grid_status":"","_joinchat":[],"footnotes":""},"categories":[63],"tags":[],"class_list":{"0":"post-68373","1":"post","2":"type-post","3":"status-publish","4":"format-standard","5":"has-post-thumbnail","7":"category-policiales"},"amp_enabled":true,"_links":{"self":[{"href":"https:\/\/www.todoeldia.com\/index.php\/wp-json\/wp\/v2\/posts\/68373","targetHints":{"allow":["GET"]}}],"collection":[{"href":"https:\/\/www.todoeldia.com\/index.php\/wp-json\/wp\/v2\/posts"}],"about":[{"href":"https:\/\/www.todoeldia.com\/index.php\/wp-json\/wp\/v2\/types\/post"}],"author":[{"embeddable":true,"href":"https:\/\/www.todoeldia.com\/index.php\/wp-json\/wp\/v2\/users\/2"}],"replies":[{"embeddable":true,"href":"https:\/\/www.todoeldia.com\/index.php\/wp-json\/wp\/v2\/comments?post=68373"}],"version-history":[{"count":2,"href":"https:\/\/www.todoeldia.com\/index.php\/wp-json\/wp\/v2\/posts\/68373\/revisions"}],"predecessor-version":[{"id":68376,"href":"https:\/\/www.todoeldia.com\/index.php\/wp-json\/wp\/v2\/posts\/68373\/revisions\/68376"}],"wp:featuredmedia":[{"embeddable":true,"href":"https:\/\/www.todoeldia.com\/index.php\/wp-json\/wp\/v2\/media\/68348"}],"wp:attachment":[{"href":"https:\/\/www.todoeldia.com\/index.php\/wp-json\/wp\/v2\/media?parent=68373"}],"wp:term":[{"taxonomy":"category","embeddable":true,"href":"https:\/\/www.todoeldia.com\/index.php\/wp-json\/wp\/v2\/categories?post=68373"},{"taxonomy":"post_tag","embeddable":true,"href":"https:\/\/www.todoeldia.com\/index.php\/wp-json\/wp\/v2\/tags?post=68373"}],"curies":[{"name":"wp","href":"https:\/\/api.w.org\/{rel}","templated":true}]}}