{"id":68377,"date":"2023-11-22T17:58:34","date_gmt":"2023-11-22T20:58:34","guid":{"rendered":"https:\/\/www.todoeldia.com\/?p=68377"},"modified":"2023-11-22T17:58:38","modified_gmt":"2023-11-22T20:58:38","slug":"escalofriante-video-sicarios-en-moto-balearon-en-la-cabeza-a-un-mecanico-de-temperley","status":"publish","type":"post","link":"https:\/\/www.todoeldia.com\/index.php\/2023\/11\/22\/escalofriante-video-sicarios-en-moto-balearon-en-la-cabeza-a-un-mecanico-de-temperley\/","title":{"rendered":"Escalofriante video: sicarios en moto balearon en la cabeza a un mec\u00e1nico de Temperley"},"content":{"rendered":"\n<p>Ocurri\u00f3 en el barrio Villa Galicia. La v\u00edctima est\u00e1 internada en el Hospital del Bicentenario de Monte Grande en grave estado.<\/p>\n\n\n\n<p>Leonardo Abel Micheli, de 44 a\u00f1os, pelea por su vida despu\u00e9s de haber sido baleado en la cabeza en la entrada de su taller mec\u00e1nico, situado en la calle Iriarte al 1600, en el barrio de Villa Galicia de la localidad bonaerense de Temperley. Por el ataque buscan a dos hombres que llegaron al lugar en moto y le dispararon a la v\u00edctima. Se sospecha que la agresi\u00f3n podr\u00eda estar vinculada a un ajuste de cuentas.<\/p>\n\n\n\n<p>Todo sucedi\u00f3 este martes por la tarde y las im\u00e1genes de lo sucedido, y que encabezan esta nota, son escalofriantes. Micheli se encontraba en el taller junto a un amigo reparando el escape de un veh\u00edculo, cuando sali\u00f3 para atender a las dos personas que hab\u00edan llegado en moto.<\/p>\n\n\n\n<p><\/p>\n\n\n\n<figure class=\"wp-block-embed is-type-video is-provider-youtube wp-block-embed-youtube wp-embed-aspect-16-9 wp-has-aspect-ratio\"><div class=\"wp-block-embed__wrapper\">\n<iframe loading=\"lazy\" title=\"Brutal ataque en Temperley: le pegaron un tiro en la cabeza a hombre de 40 a\u00f1os\" width=\"696\" height=\"392\" src=\"https:\/\/www.youtube.com\/embed\/4SV0_EDm5Hw?feature=oembed\" frameborder=\"0\" allow=\"accelerometer; autoplay; clipboard-write; encrypted-media; gyroscope; picture-in-picture; web-share\" allowfullscreen><\/iframe>\n<\/div><\/figure>\n","protected":false},"excerpt":{"rendered":"<p>Ocurri\u00f3 en el barrio Villa Galicia. La v\u00edctima est\u00e1 internada en el Hospital del Bicentenario de Monte Grande en grave estado. Leonardo Abel Micheli, de 44 a\u00f1os, pelea por su vida despu\u00e9s de haber sido baleado en la cabeza en la entrada de su taller mec\u00e1nico, situado en la calle Iriarte al 1600, en el [&hellip;]<\/p>\n","protected":false},"author":2,"featured_media":68378,"comment_status":"open","ping_status":"open","sticky":false,"template":"","format":"standard","meta":{"tdm_status":"","tdm_grid_status":"","_joinchat":[],"footnotes":""},"categories":[63],"tags":[],"class_list":{"0":"post-68377","1":"post","2":"type-post","3":"status-publish","4":"format-standard","5":"has-post-thumbnail","7":"category-policiales"},"amp_enabled":true,"_links":{"self":[{"href":"https:\/\/www.todoeldia.com\/index.php\/wp-json\/wp\/v2\/posts\/68377","targetHints":{"allow":["GET"]}}],"collection":[{"href":"https:\/\/www.todoeldia.com\/index.php\/wp-json\/wp\/v2\/posts"}],"about":[{"href":"https:\/\/www.todoeldia.com\/index.php\/wp-json\/wp\/v2\/types\/post"}],"author":[{"embeddable":true,"href":"https:\/\/www.todoeldia.com\/index.php\/wp-json\/wp\/v2\/users\/2"}],"replies":[{"embeddable":true,"href":"https:\/\/www.todoeldia.com\/index.php\/wp-json\/wp\/v2\/comments?post=68377"}],"version-history":[{"count":1,"href":"https:\/\/www.todoeldia.com\/index.php\/wp-json\/wp\/v2\/posts\/68377\/revisions"}],"predecessor-version":[{"id":68379,"href":"https:\/\/www.todoeldia.com\/index.php\/wp-json\/wp\/v2\/posts\/68377\/revisions\/68379"}],"wp:featuredmedia":[{"embeddable":true,"href":"https:\/\/www.todoeldia.com\/index.php\/wp-json\/wp\/v2\/media\/68378"}],"wp:attachment":[{"href":"https:\/\/www.todoeldia.com\/index.php\/wp-json\/wp\/v2\/media?parent=68377"}],"wp:term":[{"taxonomy":"category","embeddable":true,"href":"https:\/\/www.todoeldia.com\/index.php\/wp-json\/wp\/v2\/categories?post=68377"},{"taxonomy":"post_tag","embeddable":true,"href":"https:\/\/www.todoeldia.com\/index.php\/wp-json\/wp\/v2\/tags?post=68377"}],"curies":[{"name":"wp","href":"https:\/\/api.w.org\/{rel}","templated":true}]}}