{"id":68380,"date":"2023-11-22T18:27:04","date_gmt":"2023-11-22T21:27:04","guid":{"rendered":"https:\/\/www.todoeldia.com\/?p=68380"},"modified":"2023-11-22T18:27:06","modified_gmt":"2023-11-22T21:27:06","slug":"lo-embromaron-con-el-negocio-la-policia-le-secuestro-lechones-y-cabritos-faenados-en-el-baul-del-auto","status":"publish","type":"post","link":"https:\/\/www.todoeldia.com\/index.php\/2023\/11\/22\/lo-embromaron-con-el-negocio-la-policia-le-secuestro-lechones-y-cabritos-faenados-en-el-baul-del-auto\/","title":{"rendered":"Lo embromaron con el negocio: la Polic\u00eda le secuestr\u00f3 lechones y cabritos faenados en el ba\u00fal del auto"},"content":{"rendered":"\n<p>Esta ma\u00f1ana la Polic\u00eda incaut\u00f3 300 kilos de carne caprina y porcina, que eran trasladadas sin las medidas sanitarias b\u00e1sicas y no contaba con la documentaci\u00f3n requerida por la ley.<\/p>\n\n\n\n<figure class=\"wp-block-image size-full is-resized\"><img loading=\"lazy\" decoding=\"async\" width=\"724\" height=\"450\" src=\"https:\/\/www.todoeldia.com\/wp-content\/uploads\/2023\/11\/lechones-y-cabritos.jpg\" alt=\"\" class=\"wp-image-68381\" style=\"width:1068px;height:auto\" srcset=\"https:\/\/www.todoeldia.com\/wp-content\/uploads\/2023\/11\/lechones-y-cabritos.jpg 724w, https:\/\/www.todoeldia.com\/wp-content\/uploads\/2023\/11\/lechones-y-cabritos-300x186.jpg 300w, https:\/\/www.todoeldia.com\/wp-content\/uploads\/2023\/11\/lechones-y-cabritos-696x433.jpg 696w, https:\/\/www.todoeldia.com\/wp-content\/uploads\/2023\/11\/lechones-y-cabritos-676x420.jpg 676w, https:\/\/www.todoeldia.com\/wp-content\/uploads\/2023\/11\/lechones-y-cabritos-356x220.jpg 356w\" sizes=\"auto, (max-width: 724px) 100vw, 724px\" \/><\/figure>\n\n\n\n<p>El procedimiento se concret\u00f3 en la ruta nacional N\u00b0 9 kil\u00f3metro 1587, cuando los efectivos controlaron un autom\u00f3vil guiado por un hombre de 29 a\u00f1os y detectaron que transportaba en el ba\u00fal animales faenados, por lo que dieron intervenci\u00f3n a la Divisi\u00f3n Polic\u00eda Rural y<\/p>\n\n\n\n<p>Por ello, el conductor fue infraccionado y lo secuestrado fue decomisado por no ser apta para el consumo humano.<\/p>\n","protected":false},"excerpt":{"rendered":"<p>Esta ma\u00f1ana la Polic\u00eda incaut\u00f3 300 kilos de carne caprina y porcina, que eran trasladadas sin las medidas sanitarias b\u00e1sicas y no contaba con la documentaci\u00f3n requerida por la ley. El procedimiento se concret\u00f3 en la ruta nacional N\u00b0 9 kil\u00f3metro 1587, cuando los efectivos controlaron un autom\u00f3vil guiado por un hombre de 29 a\u00f1os [&hellip;]<\/p>\n","protected":false},"author":2,"featured_media":68382,"comment_status":"open","ping_status":"open","sticky":false,"template":"","format":"standard","meta":{"tdm_status":"","tdm_grid_status":"","_joinchat":[],"footnotes":""},"categories":[63],"tags":[],"class_list":{"0":"post-68380","1":"post","2":"type-post","3":"status-publish","4":"format-standard","5":"has-post-thumbnail","7":"category-policiales"},"amp_enabled":true,"_links":{"self":[{"href":"https:\/\/www.todoeldia.com\/index.php\/wp-json\/wp\/v2\/posts\/68380","targetHints":{"allow":["GET"]}}],"collection":[{"href":"https:\/\/www.todoeldia.com\/index.php\/wp-json\/wp\/v2\/posts"}],"about":[{"href":"https:\/\/www.todoeldia.com\/index.php\/wp-json\/wp\/v2\/types\/post"}],"author":[{"embeddable":true,"href":"https:\/\/www.todoeldia.com\/index.php\/wp-json\/wp\/v2\/users\/2"}],"replies":[{"embeddable":true,"href":"https:\/\/www.todoeldia.com\/index.php\/wp-json\/wp\/v2\/comments?post=68380"}],"version-history":[{"count":1,"href":"https:\/\/www.todoeldia.com\/index.php\/wp-json\/wp\/v2\/posts\/68380\/revisions"}],"predecessor-version":[{"id":68383,"href":"https:\/\/www.todoeldia.com\/index.php\/wp-json\/wp\/v2\/posts\/68380\/revisions\/68383"}],"wp:featuredmedia":[{"embeddable":true,"href":"https:\/\/www.todoeldia.com\/index.php\/wp-json\/wp\/v2\/media\/68382"}],"wp:attachment":[{"href":"https:\/\/www.todoeldia.com\/index.php\/wp-json\/wp\/v2\/media?parent=68380"}],"wp:term":[{"taxonomy":"category","embeddable":true,"href":"https:\/\/www.todoeldia.com\/index.php\/wp-json\/wp\/v2\/categories?post=68380"},{"taxonomy":"post_tag","embeddable":true,"href":"https:\/\/www.todoeldia.com\/index.php\/wp-json\/wp\/v2\/tags?post=68380"}],"curies":[{"name":"wp","href":"https:\/\/api.w.org\/{rel}","templated":true}]}}