{"id":68390,"date":"2023-11-22T19:22:27","date_gmt":"2023-11-22T22:22:27","guid":{"rendered":"https:\/\/www.todoeldia.com\/?p=68390"},"modified":"2023-11-22T19:25:31","modified_gmt":"2023-11-22T22:25:31","slug":"el-hijo-encontro-a-su-padre-violando-a-una-nieta-de-8-anos","status":"publish","type":"post","link":"https:\/\/www.todoeldia.com\/index.php\/2023\/11\/22\/el-hijo-encontro-a-su-padre-violando-a-una-nieta-de-8-anos\/","title":{"rendered":"El hijo encontr\u00f3 a su padre violando a una nieta de 8 a\u00f1os"},"content":{"rendered":"\n<p>Un t\u00edo de la v\u00edctima encontr\u00f3 a su padre abusando de la ni\u00f1a. La menor y sus hermanos se encontraban a cargo de su abuelo.<\/p>\n\n\n\n<p>El fiscal Penal de la Unidad de Delitos contra la Integridad Sexual 4, Pablo Rivero, requiri\u00f3 juicio al Juzgado de Garant\u00edas 4 para un hombre de 48 a\u00f1os.<\/p>\n\n\n\n<p>Tras llevar adelante una investigaci\u00f3n penal, el fiscal Rivero lo acusa de ser autor de los delitos de abuso sexual con acceso carnal agravado por el v\u00ednculo, la guarda y la convivencia preexistente con una menor de 18 a\u00f1os de edad.<\/p>\n\n\n\n<p>El hombre fue detenido el 30 de mayo de 2023, luego de que su hijo lo encontrara abusando sexualmente de su nieta, de 8 a\u00f1os. El t\u00edo de la v\u00edctima sali\u00f3 en b\u00fasqueda de ayuda mientras su padre le ped\u00eda que no lo denunciara. Una patrulla que circulaba por el lugar, escuch\u00f3 el relato y demor\u00f3 al acusado. El denunciante cont\u00f3 que la ni\u00f1a y sus dos hermanitos se encontraban al cuidado de su abuelo.<\/p>\n\n\n\n<p>En Circuito Cerrado de Televisi\u00f3n, la ni\u00f1a brind\u00f3 detalles de los abusos sexuales a los que fue sometida por su abuelo desde los 7 a\u00f1os.<\/p>\n\n\n\n<p>Teniendo en cuenta los testimonios de la v\u00edctima, familiares y vecinos, el informe realizado por el Servicio de Biolog\u00eda Molecular del Cuerpo de Investigaciones Fiscales (CIF) y otras pericias, el fiscal Rivero tom\u00f3 la determinaci\u00f3n de solicitar que el hombre sea juzgado por el abuso sexual de su nieta.<\/p>\n\n\n\n<p>El acusado se encuentra detenido en la Alcaid\u00eda General de la Ciudad de Salta desde el 30 de mayo de 2023.<\/p>\n","protected":false},"excerpt":{"rendered":"<p>Un t\u00edo de la v\u00edctima encontr\u00f3 a su padre abusando de la ni\u00f1a. La menor y sus hermanos se encontraban a cargo de su abuelo. El fiscal Penal de la Unidad de Delitos contra la Integridad Sexual 4, Pablo Rivero, requiri\u00f3 juicio al Juzgado de Garant\u00edas 4 para un hombre de 48 a\u00f1os. Tras llevar [&hellip;]<\/p>\n","protected":false},"author":2,"featured_media":41565,"comment_status":"open","ping_status":"open","sticky":false,"template":"","format":"standard","meta":{"tdm_status":"","tdm_grid_status":"","_joinchat":[],"footnotes":""},"categories":[63],"tags":[],"class_list":{"0":"post-68390","1":"post","2":"type-post","3":"status-publish","4":"format-standard","5":"has-post-thumbnail","7":"category-policiales"},"amp_enabled":true,"_links":{"self":[{"href":"https:\/\/www.todoeldia.com\/index.php\/wp-json\/wp\/v2\/posts\/68390","targetHints":{"allow":["GET"]}}],"collection":[{"href":"https:\/\/www.todoeldia.com\/index.php\/wp-json\/wp\/v2\/posts"}],"about":[{"href":"https:\/\/www.todoeldia.com\/index.php\/wp-json\/wp\/v2\/types\/post"}],"author":[{"embeddable":true,"href":"https:\/\/www.todoeldia.com\/index.php\/wp-json\/wp\/v2\/users\/2"}],"replies":[{"embeddable":true,"href":"https:\/\/www.todoeldia.com\/index.php\/wp-json\/wp\/v2\/comments?post=68390"}],"version-history":[{"count":1,"href":"https:\/\/www.todoeldia.com\/index.php\/wp-json\/wp\/v2\/posts\/68390\/revisions"}],"predecessor-version":[{"id":68391,"href":"https:\/\/www.todoeldia.com\/index.php\/wp-json\/wp\/v2\/posts\/68390\/revisions\/68391"}],"wp:featuredmedia":[{"embeddable":true,"href":"https:\/\/www.todoeldia.com\/index.php\/wp-json\/wp\/v2\/media\/41565"}],"wp:attachment":[{"href":"https:\/\/www.todoeldia.com\/index.php\/wp-json\/wp\/v2\/media?parent=68390"}],"wp:term":[{"taxonomy":"category","embeddable":true,"href":"https:\/\/www.todoeldia.com\/index.php\/wp-json\/wp\/v2\/categories?post=68390"},{"taxonomy":"post_tag","embeddable":true,"href":"https:\/\/www.todoeldia.com\/index.php\/wp-json\/wp\/v2\/tags?post=68390"}],"curies":[{"name":"wp","href":"https:\/\/api.w.org\/{rel}","templated":true}]}}