{"id":68392,"date":"2023-11-22T19:26:41","date_gmt":"2023-11-22T22:26:41","guid":{"rendered":"https:\/\/www.todoeldia.com\/?p=68392"},"modified":"2023-11-22T19:26:44","modified_gmt":"2023-11-22T22:26:44","slug":"milei-evito-confirmar-el-pago-total-del-medio-aguinaldo-a-estatales","status":"publish","type":"post","link":"https:\/\/www.todoeldia.com\/index.php\/2023\/11\/22\/milei-evito-confirmar-el-pago-total-del-medio-aguinaldo-a-estatales\/","title":{"rendered":"Milei evit\u00f3 confirmar el pago total del medio aguinaldo a estatales"},"content":{"rendered":"\n<p>Los gremios de estatales (UPCN y ATE) ven con preocupaci\u00f3n el &#8220;fuerte ajuste fiscal&#8221; ratificado ya que vienen alertando sobre los intentos de ajustar por el lado de los sueldos de empleados p\u00fablicos.<\/p>\n\n\n\n<p>El presidente electo Javier Milei evit\u00f3 hoy confirmar el pago de la totalidad del medio aguinaldo de diciembre a los empleados estatales, al defender la necesidad de aplicar un &#8220;fuerte ajuste fiscal&#8221; tras asumir el 10 de diciembre pr\u00f3ximo.<\/p>\n\n\n\n<p>La declaraci\u00f3n puso en alerta a los gremios de estatales (UPCN y ATE), que vienen alertando sobre los intentos de ajustar por el lado de los sueldos de empleados p\u00fablicos.<\/p>\n\n\n\n<p>En el marco de su objetivo de ir equilibrando las cuentas p\u00fablicas, muy deficitarias, Milei tambi\u00e9n apunt\u00f3 a la enorme deuda del Banco Central.<\/p>\n\n\n\n<p>Dijo que est\u00e1 dise\u00f1ando una estrategia para solucionar el tema de las Leliqs, y que tambi\u00e9n avanzar\u00e1 con un &#8220;fuerte ajuste fiscal para llevar la situaci\u00f3n al equilibrio&#8221;.<\/p>\n\n\n\n<p>Milei asegur\u00f3 que el Banco Central, al frente del cual asumir\u00e1 Emilio Ocampo, dejar\u00e1 de emitir, y que la Argentina &#8220;no va a gastar m\u00e1s&#8221; de lo que recauda.<\/p>\n\n\n\n<p>En este marco, fue consultado sobre si est\u00e1 garantizado el pago del medio aguinaldo de diciembre, y no dio una respuesta certera al respecto.<\/p>\n\n\n\n<p>&#8220;Recortar\u00e1n lo que tienen que recortar&#8221;, ratific\u00f3 sobre su posici\u00f3n de ajuste. Y advirti\u00f3 que &#8220;hay que ir hacia el equilibrio fiscal. Queremos alcanzar en el primer a\u00f1o de gobierno el equilibrio fiscal&#8221;.<\/p>\n\n\n\n<p>En una entrevista con Telef\u00e9, Milei tambi\u00e9n dijo que &#8220;el riesgo de la hiperinflaci\u00f3n est\u00e1 latente&#8221;.<\/p>\n\n\n\n<p>Al respecto, adelant\u00f3 que enviar\u00e1 al Congreso un &#8220;paquete de leyes que hacen a la reforma del Estado, el primer d\u00eda&#8221;. &#8220;Como candidato he hablado sistem\u00e1ticamente de hacer un ajuste. Yo dije todo lo que voy a hacer&#8221;, se ataj\u00f3.<\/p>\n\n\n\n<p>Milei pretende recortar gastos por el equivalente al 15% del Producto Bruto, unos US$ 75.000 millones.<\/p>\n","protected":false},"excerpt":{"rendered":"<p>Los gremios de estatales (UPCN y ATE) ven con preocupaci\u00f3n el &#8220;fuerte ajuste fiscal&#8221; ratificado ya que vienen alertando sobre los intentos de ajustar por el lado de los sueldos de empleados p\u00fablicos. El presidente electo Javier Milei evit\u00f3 hoy confirmar el pago de la totalidad del medio aguinaldo de diciembre a los empleados estatales, [&hellip;]<\/p>\n","protected":false},"author":2,"featured_media":68393,"comment_status":"open","ping_status":"open","sticky":false,"template":"","format":"standard","meta":{"tdm_status":"","tdm_grid_status":"","_joinchat":[],"footnotes":""},"categories":[60],"tags":[],"class_list":{"0":"post-68392","1":"post","2":"type-post","3":"status-publish","4":"format-standard","5":"has-post-thumbnail","7":"category-economia"},"amp_enabled":true,"_links":{"self":[{"href":"https:\/\/www.todoeldia.com\/index.php\/wp-json\/wp\/v2\/posts\/68392","targetHints":{"allow":["GET"]}}],"collection":[{"href":"https:\/\/www.todoeldia.com\/index.php\/wp-json\/wp\/v2\/posts"}],"about":[{"href":"https:\/\/www.todoeldia.com\/index.php\/wp-json\/wp\/v2\/types\/post"}],"author":[{"embeddable":true,"href":"https:\/\/www.todoeldia.com\/index.php\/wp-json\/wp\/v2\/users\/2"}],"replies":[{"embeddable":true,"href":"https:\/\/www.todoeldia.com\/index.php\/wp-json\/wp\/v2\/comments?post=68392"}],"version-history":[{"count":1,"href":"https:\/\/www.todoeldia.com\/index.php\/wp-json\/wp\/v2\/posts\/68392\/revisions"}],"predecessor-version":[{"id":68394,"href":"https:\/\/www.todoeldia.com\/index.php\/wp-json\/wp\/v2\/posts\/68392\/revisions\/68394"}],"wp:featuredmedia":[{"embeddable":true,"href":"https:\/\/www.todoeldia.com\/index.php\/wp-json\/wp\/v2\/media\/68393"}],"wp:attachment":[{"href":"https:\/\/www.todoeldia.com\/index.php\/wp-json\/wp\/v2\/media?parent=68392"}],"wp:term":[{"taxonomy":"category","embeddable":true,"href":"https:\/\/www.todoeldia.com\/index.php\/wp-json\/wp\/v2\/categories?post=68392"},{"taxonomy":"post_tag","embeddable":true,"href":"https:\/\/www.todoeldia.com\/index.php\/wp-json\/wp\/v2\/tags?post=68392"}],"curies":[{"name":"wp","href":"https:\/\/api.w.org\/{rel}","templated":true}]}}