{"id":68399,"date":"2023-11-22T19:56:07","date_gmt":"2023-11-22T22:56:07","guid":{"rendered":"https:\/\/www.todoeldia.com\/?p=68399"},"modified":"2023-11-22T19:56:12","modified_gmt":"2023-11-22T22:56:12","slug":"joven-conductora-no-pudo-dominar-el-vehiculo-que-conducia-y-volco-en-la-circunvalacion-sureste","status":"publish","type":"post","link":"https:\/\/www.todoeldia.com\/index.php\/2023\/11\/22\/joven-conductora-no-pudo-dominar-el-vehiculo-que-conducia-y-volco-en-la-circunvalacion-sureste\/","title":{"rendered":"Joven conductora no pudo dominar el veh\u00edculo que conduc\u00eda y volc\u00f3 en la circunvalaci\u00f3n Sureste"},"content":{"rendered":"\n<p>Una mujer perdi\u00f3 el control del veh\u00edculo que conduc\u00eda choco contra el guardarrail y termin\u00f3 volcando sobre el camino paralelo a la ruta en la circunvalaci\u00f3n sureste pr\u00f3ximo a la ruta 68 en Cerrillos.<\/p>\n\n\n\n<figure class=\"wp-block-image size-full\"><img loading=\"lazy\" decoding=\"async\" width=\"877\" height=\"500\" src=\"https:\/\/www.todoeldia.com\/wp-content\/uploads\/2023\/11\/vuelco.jpg\" alt=\"\" class=\"wp-image-68402\" srcset=\"https:\/\/www.todoeldia.com\/wp-content\/uploads\/2023\/11\/vuelco.jpg 877w, https:\/\/www.todoeldia.com\/wp-content\/uploads\/2023\/11\/vuelco-300x171.jpg 300w, https:\/\/www.todoeldia.com\/wp-content\/uploads\/2023\/11\/vuelco-768x438.jpg 768w, https:\/\/www.todoeldia.com\/wp-content\/uploads\/2023\/11\/vuelco-696x397.jpg 696w, https:\/\/www.todoeldia.com\/wp-content\/uploads\/2023\/11\/vuelco-737x420.jpg 737w\" sizes=\"auto, (max-width: 877px) 100vw, 877px\" \/><\/figure>\n\n\n\n<p>El siniestro fue protagonizado por una joven de 19 a\u00f1os que se trasladaba en un VW Gol que termin\u00f3 con las ruedas para arriba. La conductora fue trasladada al hospital de Cerrillos donde fue asistida.<\/p>\n","protected":false},"excerpt":{"rendered":"<p>Una mujer perdi\u00f3 el control del veh\u00edculo que conduc\u00eda choco contra el guardarrail y termin\u00f3 volcando sobre el camino paralelo a la ruta en la circunvalaci\u00f3n sureste pr\u00f3ximo a la ruta 68 en Cerrillos. El siniestro fue protagonizado por una joven de 19 a\u00f1os que se trasladaba en un VW Gol que termin\u00f3 con las [&hellip;]<\/p>\n","protected":false},"author":2,"featured_media":68400,"comment_status":"open","ping_status":"open","sticky":false,"template":"","format":"standard","meta":{"tdm_status":"","tdm_grid_status":"","_joinchat":[],"footnotes":""},"categories":[63],"tags":[],"class_list":{"0":"post-68399","1":"post","2":"type-post","3":"status-publish","4":"format-standard","5":"has-post-thumbnail","7":"category-policiales"},"amp_enabled":true,"_links":{"self":[{"href":"https:\/\/www.todoeldia.com\/index.php\/wp-json\/wp\/v2\/posts\/68399","targetHints":{"allow":["GET"]}}],"collection":[{"href":"https:\/\/www.todoeldia.com\/index.php\/wp-json\/wp\/v2\/posts"}],"about":[{"href":"https:\/\/www.todoeldia.com\/index.php\/wp-json\/wp\/v2\/types\/post"}],"author":[{"embeddable":true,"href":"https:\/\/www.todoeldia.com\/index.php\/wp-json\/wp\/v2\/users\/2"}],"replies":[{"embeddable":true,"href":"https:\/\/www.todoeldia.com\/index.php\/wp-json\/wp\/v2\/comments?post=68399"}],"version-history":[{"count":1,"href":"https:\/\/www.todoeldia.com\/index.php\/wp-json\/wp\/v2\/posts\/68399\/revisions"}],"predecessor-version":[{"id":68403,"href":"https:\/\/www.todoeldia.com\/index.php\/wp-json\/wp\/v2\/posts\/68399\/revisions\/68403"}],"wp:featuredmedia":[{"embeddable":true,"href":"https:\/\/www.todoeldia.com\/index.php\/wp-json\/wp\/v2\/media\/68400"}],"wp:attachment":[{"href":"https:\/\/www.todoeldia.com\/index.php\/wp-json\/wp\/v2\/media?parent=68399"}],"wp:term":[{"taxonomy":"category","embeddable":true,"href":"https:\/\/www.todoeldia.com\/index.php\/wp-json\/wp\/v2\/categories?post=68399"},{"taxonomy":"post_tag","embeddable":true,"href":"https:\/\/www.todoeldia.com\/index.php\/wp-json\/wp\/v2\/tags?post=68399"}],"curies":[{"name":"wp","href":"https:\/\/api.w.org\/{rel}","templated":true}]}}