{"id":68431,"date":"2023-11-23T13:17:32","date_gmt":"2023-11-23T16:17:32","guid":{"rendered":"https:\/\/www.todoeldia.com\/?p=68431"},"modified":"2023-11-23T13:17:35","modified_gmt":"2023-11-23T16:17:35","slug":"donald-trump-llamo-a-javier-milei-para-felicitarlo-por-su-victoria-y-le-confirmo-que-viajara-a-la-argentina","status":"publish","type":"post","link":"https:\/\/www.todoeldia.com\/index.php\/2023\/11\/23\/donald-trump-llamo-a-javier-milei-para-felicitarlo-por-su-victoria-y-le-confirmo-que-viajara-a-la-argentina\/","title":{"rendered":"Donald Trump llam\u00f3 a Javier Milei para felicitarlo por su victoria y le confirm\u00f3 que viajar\u00e1 a la Argentina"},"content":{"rendered":"\n<p>El exmandatario estadounidense dijo que el triunfo electoral del dirigente de La Libertad Avanza \u201cest\u00e1 teniendo impacto mundial\u201d. El presidente electo viajar\u00e1 ma\u00f1ana a la ciudad de Nueva York.<\/p>\n\n\n\n<p>Despu\u00e9s del tuit, lleg\u00f3 el llamado. El expresidente de Estados Unidos Donald Trump felicit\u00f3 por tel\u00e9fono a Javier Milei por el triunfo en el balotaje del domingo, y le dijo que ese resultado \u201cest\u00e1 teniendo impacto mundial\u201d. Adem\u00e1s, le confirm\u00f3 que viajar\u00e1 en los pr\u00f3ximos d\u00edas a Buenos Aires para reunirse con \u00e9l.<\/p>\n\n\n\n<p>Fue el propio presidente electo qui\u00e9n confirm\u00f3 en la red social X (antes Twitter) una informaci\u00f3n de Luis Majul seg\u00fan la cual el contacto entre Trump y Milei fue facilitado por el diputado brasile\u00f1o Eduardo Bolsonaro.<\/p>\n\n\n\n<p>\u201c\u00daltimo momento. Donald Trump llam\u00f3 @JMilei para felicitarlo. \u201cTu victoria por semejante diferencia est\u00e1 teniendo impacto mundial\u201d, le dijo. Le anticip\u00f3 que viajar\u00eda a Buenos Aires para verlo. El contacto fue facilitado por Eduardo Bolsonaro, hijo del presidente @jairbolsonaro\u201d, escribi\u00f3 Majul, a lo que el presidente electo respondi\u00f3: \u201cAs\u00ed es&#8230;\u201d.<\/p>\n","protected":false},"excerpt":{"rendered":"<p>El exmandatario estadounidense dijo que el triunfo electoral del dirigente de La Libertad Avanza \u201cest\u00e1 teniendo impacto mundial\u201d. El presidente electo viajar\u00e1 ma\u00f1ana a la ciudad de Nueva York. Despu\u00e9s del tuit, lleg\u00f3 el llamado. El expresidente de Estados Unidos Donald Trump felicit\u00f3 por tel\u00e9fono a Javier Milei por el triunfo en el balotaje del [&hellip;]<\/p>\n","protected":false},"author":2,"featured_media":68432,"comment_status":"open","ping_status":"open","sticky":false,"template":"","format":"standard","meta":{"tdm_status":"","tdm_grid_status":"","_joinchat":[],"footnotes":""},"categories":[59],"tags":[],"class_list":{"0":"post-68431","1":"post","2":"type-post","3":"status-publish","4":"format-standard","5":"has-post-thumbnail","7":"category-politica"},"amp_enabled":true,"_links":{"self":[{"href":"https:\/\/www.todoeldia.com\/index.php\/wp-json\/wp\/v2\/posts\/68431","targetHints":{"allow":["GET"]}}],"collection":[{"href":"https:\/\/www.todoeldia.com\/index.php\/wp-json\/wp\/v2\/posts"}],"about":[{"href":"https:\/\/www.todoeldia.com\/index.php\/wp-json\/wp\/v2\/types\/post"}],"author":[{"embeddable":true,"href":"https:\/\/www.todoeldia.com\/index.php\/wp-json\/wp\/v2\/users\/2"}],"replies":[{"embeddable":true,"href":"https:\/\/www.todoeldia.com\/index.php\/wp-json\/wp\/v2\/comments?post=68431"}],"version-history":[{"count":1,"href":"https:\/\/www.todoeldia.com\/index.php\/wp-json\/wp\/v2\/posts\/68431\/revisions"}],"predecessor-version":[{"id":68433,"href":"https:\/\/www.todoeldia.com\/index.php\/wp-json\/wp\/v2\/posts\/68431\/revisions\/68433"}],"wp:featuredmedia":[{"embeddable":true,"href":"https:\/\/www.todoeldia.com\/index.php\/wp-json\/wp\/v2\/media\/68432"}],"wp:attachment":[{"href":"https:\/\/www.todoeldia.com\/index.php\/wp-json\/wp\/v2\/media?parent=68431"}],"wp:term":[{"taxonomy":"category","embeddable":true,"href":"https:\/\/www.todoeldia.com\/index.php\/wp-json\/wp\/v2\/categories?post=68431"},{"taxonomy":"post_tag","embeddable":true,"href":"https:\/\/www.todoeldia.com\/index.php\/wp-json\/wp\/v2\/tags?post=68431"}],"curies":[{"name":"wp","href":"https:\/\/api.w.org\/{rel}","templated":true}]}}