{"id":68437,"date":"2023-11-23T13:32:35","date_gmt":"2023-11-23T16:32:35","guid":{"rendered":"https:\/\/www.todoeldia.com\/?p=68437"},"modified":"2023-11-23T13:32:38","modified_gmt":"2023-11-23T16:32:38","slug":"18-anos-de-prision-para-dos-mujeres-que-asesinaron-a-punaladas-a-un-hombre-en-oran","status":"publish","type":"post","link":"https:\/\/www.todoeldia.com\/index.php\/2023\/11\/23\/18-anos-de-prision-para-dos-mujeres-que-asesinaron-a-punaladas-a-un-hombre-en-oran\/","title":{"rendered":"18 a\u00f1os de prisi\u00f3n para dos mujeres que asesinaron a pu\u00f1aladas a un hombre en Or\u00e1n"},"content":{"rendered":"\n<p>Durante los alegatos, la fiscal Carreras sostuvo la acusaci\u00f3n para ambas imputadas y solicit\u00f3 la pena de prisi\u00f3n perpetua.<\/p>\n\n\n\n<p>La fiscal penal de la Unidad de Graves Atentados contra las Personas de Or\u00e1n, Claudia Carreras, represent\u00f3 al Ministerio P\u00fablico Fiscal ante la Sala I del Tribunal de Juicio de ese distrito, en la audiencia de debate contra Tamara del Valle Sosa y Julieta Luzmila L\u00f3pez como coautoras del delito de homicidio calificado por alevos\u00eda en perjuicio de Enrique F\u00e9lix P\u00e9rez de 32 a\u00f1os.<\/p>\n\n\n\n<p>Este jueves, al reanudarse la audiencia, se llevaron a cabo los alegatos, donde la Fiscal sostuvo la acusaci\u00f3n para ambas mujeres y solicit\u00f3 que sean condenadas a la pena de prisi\u00f3n perpetua.<\/p>\n\n\n\n<p>En el veredicto, los jueces Mario Maldonado, Edgardo Laurenci, y Aldo Primucci condenaron a las acusadas a la pena de 18 a\u00f1os de prisi\u00f3n efectiva como coautoras del delito de homicidio simple.<\/p>\n\n\n\n<p>El hecho ocurri\u00f3 el 22 de octubre de 2021, cuando vecinos alertaron sobre la presencia de una persona sin vida dentro de un autom\u00f3vil en la intersecci\u00f3n de calles Paraguay entre Uriburu y 20 de Febrero de la ciudad de Or\u00e1n. La v\u00edctima fue identificada como Enrique F\u00e9lix P\u00e9rez y pudo constarse mediante autopsia realizada en el Servicio de Tanatolog\u00eda Forense del CIF Or\u00e1n, que su muerte se produjo por las numerosas lesiones de arma blanca que recibi\u00f3.<\/p>\n","protected":false},"excerpt":{"rendered":"<p>Durante los alegatos, la fiscal Carreras sostuvo la acusaci\u00f3n para ambas imputadas y solicit\u00f3 la pena de prisi\u00f3n perpetua. La fiscal penal de la Unidad de Graves Atentados contra las Personas de Or\u00e1n, Claudia Carreras, represent\u00f3 al Ministerio P\u00fablico Fiscal ante la Sala I del Tribunal de Juicio de ese distrito, en la audiencia de [&hellip;]<\/p>\n","protected":false},"author":2,"featured_media":68438,"comment_status":"open","ping_status":"open","sticky":false,"template":"","format":"standard","meta":{"tdm_status":"","tdm_grid_status":"","_joinchat":[],"footnotes":""},"categories":[63],"tags":[],"class_list":{"0":"post-68437","1":"post","2":"type-post","3":"status-publish","4":"format-standard","5":"has-post-thumbnail","7":"category-policiales"},"amp_enabled":true,"_links":{"self":[{"href":"https:\/\/www.todoeldia.com\/index.php\/wp-json\/wp\/v2\/posts\/68437","targetHints":{"allow":["GET"]}}],"collection":[{"href":"https:\/\/www.todoeldia.com\/index.php\/wp-json\/wp\/v2\/posts"}],"about":[{"href":"https:\/\/www.todoeldia.com\/index.php\/wp-json\/wp\/v2\/types\/post"}],"author":[{"embeddable":true,"href":"https:\/\/www.todoeldia.com\/index.php\/wp-json\/wp\/v2\/users\/2"}],"replies":[{"embeddable":true,"href":"https:\/\/www.todoeldia.com\/index.php\/wp-json\/wp\/v2\/comments?post=68437"}],"version-history":[{"count":1,"href":"https:\/\/www.todoeldia.com\/index.php\/wp-json\/wp\/v2\/posts\/68437\/revisions"}],"predecessor-version":[{"id":68439,"href":"https:\/\/www.todoeldia.com\/index.php\/wp-json\/wp\/v2\/posts\/68437\/revisions\/68439"}],"wp:featuredmedia":[{"embeddable":true,"href":"https:\/\/www.todoeldia.com\/index.php\/wp-json\/wp\/v2\/media\/68438"}],"wp:attachment":[{"href":"https:\/\/www.todoeldia.com\/index.php\/wp-json\/wp\/v2\/media?parent=68437"}],"wp:term":[{"taxonomy":"category","embeddable":true,"href":"https:\/\/www.todoeldia.com\/index.php\/wp-json\/wp\/v2\/categories?post=68437"},{"taxonomy":"post_tag","embeddable":true,"href":"https:\/\/www.todoeldia.com\/index.php\/wp-json\/wp\/v2\/tags?post=68437"}],"curies":[{"name":"wp","href":"https:\/\/api.w.org\/{rel}","templated":true}]}}