{"id":68440,"date":"2023-11-23T13:35:29","date_gmt":"2023-11-23T16:35:29","guid":{"rendered":"https:\/\/www.todoeldia.com\/?p=68440"},"modified":"2023-11-23T13:41:51","modified_gmt":"2023-11-23T16:41:51","slug":"le-apago-cigarrillos-en-el-brazo-le-mordio-una-pierna-y-golpeo-a-su-pareja","status":"publish","type":"post","link":"https:\/\/www.todoeldia.com\/index.php\/2023\/11\/23\/le-apago-cigarrillos-en-el-brazo-le-mordio-una-pierna-y-golpeo-a-su-pareja\/","title":{"rendered":"Le apag\u00f3 cigarrillos en el brazo, le mordi\u00f3 una pierna y golpe\u00f3 a su pareja"},"content":{"rendered":"\n<p>Un hombre fue condenado por un hecho ocurrido el pasado 23 de octubre, cuando tras mantener una discusi\u00f3n con su pareja, le apag\u00f3 cigarrillos en el brazo, le mordi\u00f3 una pierna y la agredi\u00f3 f\u00edsicamente. Una vecina llam\u00f3 a la Polic\u00eda.<\/p>\n\n\n\n<p>La fiscal penal 1 de Violencia Familiar y de G\u00e9nero, Ver\u00f3nica Simesen de Bielke, represent\u00f3 al Ministerio P\u00fablico Fiscal ante el Juzgado de Garant\u00edas 1 del distrito Centro, en la audiencia de juicio abreviado contra un hombre de 30 a\u00f1os como autor de los delitos de lesiones leves agravadas por la relaci\u00f3n de pareja y por el g\u00e9nero y amenazas en concurso real.<\/p>\n\n\n\n<p>El hecho juzgado ocurri\u00f3 el pasado 23 de octubre en una vivienda de la zona oeste de la ciudad de Salta, donde tras una discusi\u00f3n, el acusado le apag\u00f3 cigarrillos en el brazo a su pareja y la mordi\u00f3 en una de sus piernas.<\/p>\n\n\n\n<p>Cuando la agred\u00eda f\u00edsicamente, un ni\u00f1o, hijo de la damnificada, intervino con un palo para impedirlo. El hombre, ofuscado, los amenaz\u00f3 de muerte y una vecina llam\u00f3 a la Polic\u00eda, que se hizo presente y demor\u00f3 al acusado.<\/p>\n\n\n\n<p>Tras confesar su participaci\u00f3n en el hecho, fue condenado a la pena de 2 a\u00f1os de prisi\u00f3n de ejecuci\u00f3n condicional y al cumplimiento de reglas de conducta.<\/p>\n","protected":false},"excerpt":{"rendered":"<p>Un hombre fue condenado por un hecho ocurrido el pasado 23 de octubre, cuando tras mantener una discusi\u00f3n con su pareja, le apag\u00f3 cigarrillos en el brazo, le mordi\u00f3 una pierna y la agredi\u00f3 f\u00edsicamente. Una vecina llam\u00f3 a la Polic\u00eda. La fiscal penal 1 de Violencia Familiar y de G\u00e9nero, Ver\u00f3nica Simesen de Bielke, [&hellip;]<\/p>\n","protected":false},"author":2,"featured_media":65852,"comment_status":"open","ping_status":"open","sticky":false,"template":"","format":"standard","meta":{"tdm_status":"","tdm_grid_status":"","_joinchat":[],"footnotes":""},"categories":[63],"tags":[],"class_list":{"0":"post-68440","1":"post","2":"type-post","3":"status-publish","4":"format-standard","5":"has-post-thumbnail","7":"category-policiales"},"amp_enabled":true,"_links":{"self":[{"href":"https:\/\/www.todoeldia.com\/index.php\/wp-json\/wp\/v2\/posts\/68440","targetHints":{"allow":["GET"]}}],"collection":[{"href":"https:\/\/www.todoeldia.com\/index.php\/wp-json\/wp\/v2\/posts"}],"about":[{"href":"https:\/\/www.todoeldia.com\/index.php\/wp-json\/wp\/v2\/types\/post"}],"author":[{"embeddable":true,"href":"https:\/\/www.todoeldia.com\/index.php\/wp-json\/wp\/v2\/users\/2"}],"replies":[{"embeddable":true,"href":"https:\/\/www.todoeldia.com\/index.php\/wp-json\/wp\/v2\/comments?post=68440"}],"version-history":[{"count":1,"href":"https:\/\/www.todoeldia.com\/index.php\/wp-json\/wp\/v2\/posts\/68440\/revisions"}],"predecessor-version":[{"id":68441,"href":"https:\/\/www.todoeldia.com\/index.php\/wp-json\/wp\/v2\/posts\/68440\/revisions\/68441"}],"wp:featuredmedia":[{"embeddable":true,"href":"https:\/\/www.todoeldia.com\/index.php\/wp-json\/wp\/v2\/media\/65852"}],"wp:attachment":[{"href":"https:\/\/www.todoeldia.com\/index.php\/wp-json\/wp\/v2\/media?parent=68440"}],"wp:term":[{"taxonomy":"category","embeddable":true,"href":"https:\/\/www.todoeldia.com\/index.php\/wp-json\/wp\/v2\/categories?post=68440"},{"taxonomy":"post_tag","embeddable":true,"href":"https:\/\/www.todoeldia.com\/index.php\/wp-json\/wp\/v2\/tags?post=68440"}],"curies":[{"name":"wp","href":"https:\/\/api.w.org\/{rel}","templated":true}]}}