{"id":68443,"date":"2023-11-23T13:43:38","date_gmt":"2023-11-23T16:43:38","guid":{"rendered":"https:\/\/www.todoeldia.com\/?p=68443"},"modified":"2023-11-23T13:43:41","modified_gmt":"2023-11-23T16:43:41","slug":"a-raiz-de-una-charla-en-la-escuela-una-nena-de-9-anos-le-conto-a-su-mama-que-su-padre-abusaba-de-ella","status":"publish","type":"post","link":"https:\/\/www.todoeldia.com\/index.php\/2023\/11\/23\/a-raiz-de-una-charla-en-la-escuela-una-nena-de-9-anos-le-conto-a-su-mama-que-su-padre-abusaba-de-ella\/","title":{"rendered":"A ra\u00edz de una charla en la escuela una nena de 9 a\u00f1os le cont\u00f3 a su mam\u00e1 que su padre abusaba de ella"},"content":{"rendered":"\n<p>Luego de una charla en la escuela en la que hablaron sobre los tipos de secretos que se deben contar y cu\u00e1les se deben guardar, la ni\u00f1a le dijo a su madre que su pap\u00e1 la abusaba sexualmente desde los 8 a\u00f1os.<\/p>\n\n\n\n<p>El fiscal Penal de la Unidad de Delitos contra la Integridad Sexual 1, Federico Obeid, imput\u00f3 provisionalmente a un hombre de 36 a\u00f1os por el delito de abuso sexual con acceso carnal agravado por el v\u00ednculo (continuado).<\/p>\n\n\n\n<p>La intervenci\u00f3n de la UDIS inici\u00f3 luego de que una mujer denunciara el 24 de octubre pasado a su expareja y padre de su hija de 9 a\u00f1os por abuso sexual.<\/p>\n\n\n\n<p>La mujer manifest\u00f3 que su hija le hab\u00eda comentado que en la escuela hab\u00eda tenido una charla, donde hablaron sobre los tipos de secretos que se deben contar y cu\u00e1les se deben guardar. Es por eso que la menor le relat\u00f3 que, cuando su pap\u00e1 llegaba en estado de ebriedad, abusaba sexualmente de ella. La ni\u00f1a le revel\u00f3 que los abusos ocurr\u00edan desde que ten\u00eda 8 a\u00f1os y cuando se encontraba al cuidado de su pap\u00e1, los fines de semana lo cual fue corroborado por el informe m\u00e9dico.<\/p>\n\n\n\n<p>El fiscal Obeid solicit\u00f3 la detenci\u00f3n del hombre, quien fue alojado en la Alcaid\u00eda General de la Ciudad de Salta.<\/p>\n\n\n\n<p>El acusado ya registra condena de seis meses de prisi\u00f3n de ejecuci\u00f3n condicional impuesta por la Sala 4 del Tribunal de Juicio en 2018 por ser autor del delito de lesiones leves agravadas por mediar relaci\u00f3n de pareja.<\/p>\n","protected":false},"excerpt":{"rendered":"<p>Luego de una charla en la escuela en la que hablaron sobre los tipos de secretos que se deben contar y cu\u00e1les se deben guardar, la ni\u00f1a le dijo a su madre que su pap\u00e1 la abusaba sexualmente desde los 8 a\u00f1os. El fiscal Penal de la Unidad de Delitos contra la Integridad Sexual 1, [&hellip;]<\/p>\n","protected":false},"author":2,"featured_media":42291,"comment_status":"open","ping_status":"open","sticky":false,"template":"","format":"standard","meta":{"tdm_status":"","tdm_grid_status":"","_joinchat":[],"footnotes":""},"categories":[63],"tags":[],"class_list":{"0":"post-68443","1":"post","2":"type-post","3":"status-publish","4":"format-standard","5":"has-post-thumbnail","7":"category-policiales"},"amp_enabled":true,"_links":{"self":[{"href":"https:\/\/www.todoeldia.com\/index.php\/wp-json\/wp\/v2\/posts\/68443","targetHints":{"allow":["GET"]}}],"collection":[{"href":"https:\/\/www.todoeldia.com\/index.php\/wp-json\/wp\/v2\/posts"}],"about":[{"href":"https:\/\/www.todoeldia.com\/index.php\/wp-json\/wp\/v2\/types\/post"}],"author":[{"embeddable":true,"href":"https:\/\/www.todoeldia.com\/index.php\/wp-json\/wp\/v2\/users\/2"}],"replies":[{"embeddable":true,"href":"https:\/\/www.todoeldia.com\/index.php\/wp-json\/wp\/v2\/comments?post=68443"}],"version-history":[{"count":1,"href":"https:\/\/www.todoeldia.com\/index.php\/wp-json\/wp\/v2\/posts\/68443\/revisions"}],"predecessor-version":[{"id":68444,"href":"https:\/\/www.todoeldia.com\/index.php\/wp-json\/wp\/v2\/posts\/68443\/revisions\/68444"}],"wp:featuredmedia":[{"embeddable":true,"href":"https:\/\/www.todoeldia.com\/index.php\/wp-json\/wp\/v2\/media\/42291"}],"wp:attachment":[{"href":"https:\/\/www.todoeldia.com\/index.php\/wp-json\/wp\/v2\/media?parent=68443"}],"wp:term":[{"taxonomy":"category","embeddable":true,"href":"https:\/\/www.todoeldia.com\/index.php\/wp-json\/wp\/v2\/categories?post=68443"},{"taxonomy":"post_tag","embeddable":true,"href":"https:\/\/www.todoeldia.com\/index.php\/wp-json\/wp\/v2\/tags?post=68443"}],"curies":[{"name":"wp","href":"https:\/\/api.w.org\/{rel}","templated":true}]}}