{"id":68445,"date":"2023-11-23T13:47:05","date_gmt":"2023-11-23T16:47:05","guid":{"rendered":"https:\/\/www.todoeldia.com\/?p=68445"},"modified":"2023-11-23T13:47:07","modified_gmt":"2023-11-23T16:47:07","slug":"lo-patotearon-entre-3-para-robarle-el-celular-en-la-balcarce","status":"publish","type":"post","link":"https:\/\/www.todoeldia.com\/index.php\/2023\/11\/23\/lo-patotearon-entre-3-para-robarle-el-celular-en-la-balcarce\/","title":{"rendered":"Lo patotearon entre 3 para robarle el celular en la Balcarce"},"content":{"rendered":"\n<p>Un joven result\u00f3 lesionado por al menos tres personas que lo agredieron para robarle el celular. Uno de ellos fue detenido e imputado cuando hu\u00eda.<\/p>\n\n\n\n<p>El fiscal penal 2, Ramiro Ramos Ossorio, imput\u00f3 de forma provisional a un hombre de 18 a\u00f1os como autor del delito de robo en poblado y en banda.<\/p>\n\n\n\n<p>Tras la audiencia de imputaci\u00f3n, desde la Fiscal\u00eda se solicit\u00f3 que el acusado permanezca detenido.<\/p>\n\n\n\n<p>En la madrugada del pasado lunes, un incidente tuvo lugar en las proximidades del corredor Balcarce, cuando un joven de 21 a\u00f1os se dispon\u00eda a abordar el colectivo en compa\u00f1\u00eda de un amigo. Tres personas se aproximaron y lo atacaron de manera violenta, propin\u00e1ndoles golpes de pu\u00f1o y patadas. En medio de la agresi\u00f3n, uno de los individuos le sustrajo el tel\u00e9fono celular.<\/p>\n\n\n\n<p>Advertido el personal policial que patrullaba en la zona, logr\u00f3 localizar a los sospechosos en las cercan\u00edas mientras intentaban escapar, y se pudo demorar a uno de ellos.<\/p>\n","protected":false},"excerpt":{"rendered":"<p>Un joven result\u00f3 lesionado por al menos tres personas que lo agredieron para robarle el celular. Uno de ellos fue detenido e imputado cuando hu\u00eda. El fiscal penal 2, Ramiro Ramos Ossorio, imput\u00f3 de forma provisional a un hombre de 18 a\u00f1os como autor del delito de robo en poblado y en banda. Tras la [&hellip;]<\/p>\n","protected":false},"author":2,"featured_media":24222,"comment_status":"open","ping_status":"open","sticky":false,"template":"","format":"standard","meta":{"tdm_status":"","tdm_grid_status":"","_joinchat":[],"footnotes":""},"categories":[63],"tags":[],"class_list":{"0":"post-68445","1":"post","2":"type-post","3":"status-publish","4":"format-standard","5":"has-post-thumbnail","7":"category-policiales"},"amp_enabled":true,"_links":{"self":[{"href":"https:\/\/www.todoeldia.com\/index.php\/wp-json\/wp\/v2\/posts\/68445","targetHints":{"allow":["GET"]}}],"collection":[{"href":"https:\/\/www.todoeldia.com\/index.php\/wp-json\/wp\/v2\/posts"}],"about":[{"href":"https:\/\/www.todoeldia.com\/index.php\/wp-json\/wp\/v2\/types\/post"}],"author":[{"embeddable":true,"href":"https:\/\/www.todoeldia.com\/index.php\/wp-json\/wp\/v2\/users\/2"}],"replies":[{"embeddable":true,"href":"https:\/\/www.todoeldia.com\/index.php\/wp-json\/wp\/v2\/comments?post=68445"}],"version-history":[{"count":1,"href":"https:\/\/www.todoeldia.com\/index.php\/wp-json\/wp\/v2\/posts\/68445\/revisions"}],"predecessor-version":[{"id":68446,"href":"https:\/\/www.todoeldia.com\/index.php\/wp-json\/wp\/v2\/posts\/68445\/revisions\/68446"}],"wp:featuredmedia":[{"embeddable":true,"href":"https:\/\/www.todoeldia.com\/index.php\/wp-json\/wp\/v2\/media\/24222"}],"wp:attachment":[{"href":"https:\/\/www.todoeldia.com\/index.php\/wp-json\/wp\/v2\/media?parent=68445"}],"wp:term":[{"taxonomy":"category","embeddable":true,"href":"https:\/\/www.todoeldia.com\/index.php\/wp-json\/wp\/v2\/categories?post=68445"},{"taxonomy":"post_tag","embeddable":true,"href":"https:\/\/www.todoeldia.com\/index.php\/wp-json\/wp\/v2\/tags?post=68445"}],"curies":[{"name":"wp","href":"https:\/\/api.w.org\/{rel}","templated":true}]}}