{"id":68447,"date":"2023-11-23T17:39:17","date_gmt":"2023-11-23T20:39:17","guid":{"rendered":"https:\/\/www.todoeldia.com\/?p=68447"},"modified":"2023-11-23T17:39:20","modified_gmt":"2023-11-23T20:39:20","slug":"luis-toto-caputo-sera-el-ministro-de-economia-de-javier-milei","status":"publish","type":"post","link":"https:\/\/www.todoeldia.com\/index.php\/2023\/11\/23\/luis-toto-caputo-sera-el-ministro-de-economia-de-javier-milei\/","title":{"rendered":"Luis \u201cToto\u201d Caputo ser\u00e1 el ministro de Econom\u00eda de Javier Milei"},"content":{"rendered":"\n<p>El exfuncionario del macrismo gan\u00f3 protagonismo en las \u00faltimas horas despu\u00e9s de reuniones con los principales dirigentes de La Libertad Avanza. Demian Reidel, un hombre cercano a Federico Sturzenegger, podr\u00eda quedar a cargo de la entidad monetaria.<\/p>\n\n\n\n<p>El expresidente del Banco Central Luis \u201cToto\u201d Caputo fue confirmado este jueves como ministro de Econom\u00eda de Javier Milei. En los \u00faltimos d\u00edas hubo conversaciones y se sentaron las condiciones bajo las cuales el exministro de Finanzas tomar\u00eda la cartera.<\/p>\n\n\n\n<p>Seg\u00fan pudo saber TN, la exigencia de Caputo era que el economista Emilio Ocampo quede fuera de la presidencia del Banco Central y se ubique en ese lugar el exvicepresidente del BCRA, Demian Reidel.<\/p>\n\n\n\n<p>De esa forma, con la partida de Ocampo quedar\u00eda sin efecto el plan de dolarizaci\u00f3n y la eliminaci\u00f3n del Banco Central.<\/p>\n\n\n\n<p>Caputo se reuni\u00f3 formalmente con el futuro jefe de gabinete, Nicol\u00e1s Posse, al mediod\u00eda en el hotel Four Seasons. M\u00e1s all\u00e1 del encuentro, desde La Libertad Avanza no quisieron dar detalles sobre su eventual designaci\u00f3n y la de Reidel, quien visit\u00f3 a Milei en el Hotel Libertador el martes.<\/p>\n\n\n\n<p>Bajo ese contexto, el expresidente del Banco Central Federico Sturzenegger tambi\u00e9n se alejar\u00eda del esquema de La Libertad Avanza.<\/p>\n\n\n\n<p>Seg\u00fan indicaron dirigentes del espacio, el economista ven\u00eda trabajando para Milei hace mes y medio y lo consultaba de forma recurrente. Su nombre son\u00f3 fuerte al comienzo de la semana y luego se disip\u00f3.<\/p>\n\n\n\n<p>Ayer, el presidente electo elogi\u00f3 a Caputo -quien medi\u00f3 con Posse y el FMI- en el programa de TN \u201cA dos voces\u201d y mantuvo la l\u00ednea de reducci\u00f3n del gasto p\u00fablico, el equilibrio fiscal y la reducci\u00f3n de impuestos.<\/p>\n\n\n\n<p>\u201cCaputo est\u00e1 en condiciones de estar en el cargo. Tiene la experiencia necesaria para desarmar el problema monetario que tenemos y darle una soluci\u00f3n desde los mercados financieros como para salir del problema de las Leliqs y terminar con el cepo\u201d, expres\u00f3.<\/p>\n","protected":false},"excerpt":{"rendered":"<p>El exfuncionario del macrismo gan\u00f3 protagonismo en las \u00faltimas horas despu\u00e9s de reuniones con los principales dirigentes de La Libertad Avanza. Demian Reidel, un hombre cercano a Federico Sturzenegger, podr\u00eda quedar a cargo de la entidad monetaria. El expresidente del Banco Central Luis \u201cToto\u201d Caputo fue confirmado este jueves como ministro de Econom\u00eda de Javier [&hellip;]<\/p>\n","protected":false},"author":2,"featured_media":68448,"comment_status":"open","ping_status":"open","sticky":false,"template":"","format":"standard","meta":{"tdm_status":"","tdm_grid_status":"","_joinchat":[],"footnotes":""},"categories":[60],"tags":[],"class_list":{"0":"post-68447","1":"post","2":"type-post","3":"status-publish","4":"format-standard","5":"has-post-thumbnail","7":"category-economia"},"amp_enabled":true,"_links":{"self":[{"href":"https:\/\/www.todoeldia.com\/index.php\/wp-json\/wp\/v2\/posts\/68447","targetHints":{"allow":["GET"]}}],"collection":[{"href":"https:\/\/www.todoeldia.com\/index.php\/wp-json\/wp\/v2\/posts"}],"about":[{"href":"https:\/\/www.todoeldia.com\/index.php\/wp-json\/wp\/v2\/types\/post"}],"author":[{"embeddable":true,"href":"https:\/\/www.todoeldia.com\/index.php\/wp-json\/wp\/v2\/users\/2"}],"replies":[{"embeddable":true,"href":"https:\/\/www.todoeldia.com\/index.php\/wp-json\/wp\/v2\/comments?post=68447"}],"version-history":[{"count":1,"href":"https:\/\/www.todoeldia.com\/index.php\/wp-json\/wp\/v2\/posts\/68447\/revisions"}],"predecessor-version":[{"id":68449,"href":"https:\/\/www.todoeldia.com\/index.php\/wp-json\/wp\/v2\/posts\/68447\/revisions\/68449"}],"wp:featuredmedia":[{"embeddable":true,"href":"https:\/\/www.todoeldia.com\/index.php\/wp-json\/wp\/v2\/media\/68448"}],"wp:attachment":[{"href":"https:\/\/www.todoeldia.com\/index.php\/wp-json\/wp\/v2\/media?parent=68447"}],"wp:term":[{"taxonomy":"category","embeddable":true,"href":"https:\/\/www.todoeldia.com\/index.php\/wp-json\/wp\/v2\/categories?post=68447"},{"taxonomy":"post_tag","embeddable":true,"href":"https:\/\/www.todoeldia.com\/index.php\/wp-json\/wp\/v2\/tags?post=68447"}],"curies":[{"name":"wp","href":"https:\/\/api.w.org\/{rel}","templated":true}]}}