{"id":68450,"date":"2023-11-23T18:14:54","date_gmt":"2023-11-23T21:14:54","guid":{"rendered":"https:\/\/www.todoeldia.com\/?p=68450"},"modified":"2023-11-23T18:14:58","modified_gmt":"2023-11-23T21:14:58","slug":"otra-sorpresa-en-el-gabinete-de-milei-carolina-piparo-queda-afuera-de-la-anses-y-asumira-osvaldo-giordano","status":"publish","type":"post","link":"https:\/\/www.todoeldia.com\/index.php\/2023\/11\/23\/otra-sorpresa-en-el-gabinete-de-milei-carolina-piparo-queda-afuera-de-la-anses-y-asumira-osvaldo-giordano\/","title":{"rendered":"Otra sorpresa en el gabinete de Milei: Carolina P\u00edparo queda afuera de la Anses y asumir\u00e1 Osvaldo Giordano"},"content":{"rendered":"\n<p>La excandidata a gobernadora hab\u00eda anunciado una reuni\u00f3n con Raverta para hacer la transici\u00f3n; pero el presidente electo opt\u00f3 por un hombre de Schiaretti para el puesto.<\/p>\n\n\n\n<p>Carolina P\u00edparo hab\u00eda sido confirmada como la futura titular de la Anses. Hoy, incluso, ella anunci\u00f3 que el lunes se reunir\u00eda con Fernanda Raverta para hacer la transici\u00f3n. Pero no llegar\u00e1 ni a asumir: Javier Milei decidi\u00f3 poner en su lugar a Osvaldo Giordano, ministro de Finanzas del gobernador cordob\u00e9s Juan Schiaretti.<\/p>\n\n\n\n<p>A P\u00edparo, que hab\u00eda sido candidata a gobernadora, la hab\u00eda confirmado para el organismo el propio Milei. Hoy, en la red X escribi\u00f3 que se reunir\u00e1 el lunes 27 con la directora ejecutiva del organismo previsonal. En el mismo posteo, la excandidata a gobernadora de Buenos Aires tambi\u00e9n les envi\u00f3 un mensaje a \u201clos trabajadores de la Anses que cumplen con sus tareas\u201d para que \u201cno se dejen atemorizar por campa\u00f1as del miedo ni trascendidos\u201d.<\/p>\n","protected":false},"excerpt":{"rendered":"<p>La excandidata a gobernadora hab\u00eda anunciado una reuni\u00f3n con Raverta para hacer la transici\u00f3n; pero el presidente electo opt\u00f3 por un hombre de Schiaretti para el puesto. Carolina P\u00edparo hab\u00eda sido confirmada como la futura titular de la Anses. Hoy, incluso, ella anunci\u00f3 que el lunes se reunir\u00eda con Fernanda Raverta para hacer la transici\u00f3n. [&hellip;]<\/p>\n","protected":false},"author":2,"featured_media":68451,"comment_status":"open","ping_status":"open","sticky":false,"template":"","format":"standard","meta":{"tdm_status":"","tdm_grid_status":"","_joinchat":[],"footnotes":""},"categories":[59],"tags":[],"class_list":{"0":"post-68450","1":"post","2":"type-post","3":"status-publish","4":"format-standard","5":"has-post-thumbnail","7":"category-politica"},"amp_enabled":true,"_links":{"self":[{"href":"https:\/\/www.todoeldia.com\/index.php\/wp-json\/wp\/v2\/posts\/68450","targetHints":{"allow":["GET"]}}],"collection":[{"href":"https:\/\/www.todoeldia.com\/index.php\/wp-json\/wp\/v2\/posts"}],"about":[{"href":"https:\/\/www.todoeldia.com\/index.php\/wp-json\/wp\/v2\/types\/post"}],"author":[{"embeddable":true,"href":"https:\/\/www.todoeldia.com\/index.php\/wp-json\/wp\/v2\/users\/2"}],"replies":[{"embeddable":true,"href":"https:\/\/www.todoeldia.com\/index.php\/wp-json\/wp\/v2\/comments?post=68450"}],"version-history":[{"count":1,"href":"https:\/\/www.todoeldia.com\/index.php\/wp-json\/wp\/v2\/posts\/68450\/revisions"}],"predecessor-version":[{"id":68452,"href":"https:\/\/www.todoeldia.com\/index.php\/wp-json\/wp\/v2\/posts\/68450\/revisions\/68452"}],"wp:featuredmedia":[{"embeddable":true,"href":"https:\/\/www.todoeldia.com\/index.php\/wp-json\/wp\/v2\/media\/68451"}],"wp:attachment":[{"href":"https:\/\/www.todoeldia.com\/index.php\/wp-json\/wp\/v2\/media?parent=68450"}],"wp:term":[{"taxonomy":"category","embeddable":true,"href":"https:\/\/www.todoeldia.com\/index.php\/wp-json\/wp\/v2\/categories?post=68450"},{"taxonomy":"post_tag","embeddable":true,"href":"https:\/\/www.todoeldia.com\/index.php\/wp-json\/wp\/v2\/tags?post=68450"}],"curies":[{"name":"wp","href":"https:\/\/api.w.org\/{rel}","templated":true}]}}