{"id":68467,"date":"2023-11-23T21:16:24","date_gmt":"2023-11-24T00:16:24","guid":{"rendered":"https:\/\/www.todoeldia.com\/?p=68467"},"modified":"2023-11-23T21:16:27","modified_gmt":"2023-11-24T00:16:27","slug":"robo-huyo-y-lo-pescaron-sustrajo-dinero-de-un-auto-agredio-al-propietario-y-lo-liberaron","status":"publish","type":"post","link":"https:\/\/www.todoeldia.com\/index.php\/2023\/11\/23\/robo-huyo-y-lo-pescaron-sustrajo-dinero-de-un-auto-agredio-al-propietario-y-lo-liberaron\/","title":{"rendered":"Rob\u00f3, huy\u00f3 y lo pescaron: sustrajo dinero de un auto, agredi\u00f3 al propietario y lo liberaron"},"content":{"rendered":"\n<p>El hecho ocurri\u00f3 el pasado mes de octubre, cuando el acusado sustrajo dinero del interior de un veh\u00edculo estacionado en la v\u00eda p\u00fablica y huy\u00f3. Al ser perseguido por el propietario, lo agredi\u00f3. Deber\u00e1 cumplir reglas de conducta.<\/p>\n\n\n\n<p>El fiscal penal 2 de Tartagal, Rafael Jos\u00e9 Medina, represent\u00f3 al Ministerio P\u00fablico Fiscal ante la Sala II del Tribunal de Juicio de ese distrito en la audiencia de juicio abreviado contra Mat\u00edas Alejandro Roca como autor del delito de hurto.<\/p>\n\n\n\n<p>El hecho juzgado tuvo lugar el 10 de octubre pasado. En ese d\u00eda, el acusado introdujo su mano por la ventanilla de un veh\u00edculo estacionado en la v\u00eda p\u00fablica, sustrayendo dinero tanto en pesos argentinos, como en pesos bolivianos, para posteriormente emprender la huida. Cu\u00e1ndo el damnificado intent\u00f3 darle alcance, lo agredi\u00f3 f\u00edsicamente. Finalmente fue demorado luego, por personal policial.<\/p>\n\n\n\n<p>La jueza Sandra S\u00e1nchez, luego de recibir la confesi\u00f3n del acusado, le impuso una pena de 6 meses de prisi\u00f3n de ejecuci\u00f3n condicional y el cumplimiento de reglas de conducta.<\/p>\n","protected":false},"excerpt":{"rendered":"<p>El hecho ocurri\u00f3 el pasado mes de octubre, cuando el acusado sustrajo dinero del interior de un veh\u00edculo estacionado en la v\u00eda p\u00fablica y huy\u00f3. Al ser perseguido por el propietario, lo agredi\u00f3. Deber\u00e1 cumplir reglas de conducta. El fiscal penal 2 de Tartagal, Rafael Jos\u00e9 Medina, represent\u00f3 al Ministerio P\u00fablico Fiscal ante la Sala [&hellip;]<\/p>\n","protected":false},"author":2,"featured_media":68468,"comment_status":"open","ping_status":"open","sticky":false,"template":"","format":"standard","meta":{"tdm_status":"","tdm_grid_status":"","_joinchat":[],"footnotes":""},"categories":[63],"tags":[],"class_list":{"0":"post-68467","1":"post","2":"type-post","3":"status-publish","4":"format-standard","5":"has-post-thumbnail","7":"category-policiales"},"amp_enabled":true,"_links":{"self":[{"href":"https:\/\/www.todoeldia.com\/index.php\/wp-json\/wp\/v2\/posts\/68467","targetHints":{"allow":["GET"]}}],"collection":[{"href":"https:\/\/www.todoeldia.com\/index.php\/wp-json\/wp\/v2\/posts"}],"about":[{"href":"https:\/\/www.todoeldia.com\/index.php\/wp-json\/wp\/v2\/types\/post"}],"author":[{"embeddable":true,"href":"https:\/\/www.todoeldia.com\/index.php\/wp-json\/wp\/v2\/users\/2"}],"replies":[{"embeddable":true,"href":"https:\/\/www.todoeldia.com\/index.php\/wp-json\/wp\/v2\/comments?post=68467"}],"version-history":[{"count":1,"href":"https:\/\/www.todoeldia.com\/index.php\/wp-json\/wp\/v2\/posts\/68467\/revisions"}],"predecessor-version":[{"id":68469,"href":"https:\/\/www.todoeldia.com\/index.php\/wp-json\/wp\/v2\/posts\/68467\/revisions\/68469"}],"wp:featuredmedia":[{"embeddable":true,"href":"https:\/\/www.todoeldia.com\/index.php\/wp-json\/wp\/v2\/media\/68468"}],"wp:attachment":[{"href":"https:\/\/www.todoeldia.com\/index.php\/wp-json\/wp\/v2\/media?parent=68467"}],"wp:term":[{"taxonomy":"category","embeddable":true,"href":"https:\/\/www.todoeldia.com\/index.php\/wp-json\/wp\/v2\/categories?post=68467"},{"taxonomy":"post_tag","embeddable":true,"href":"https:\/\/www.todoeldia.com\/index.php\/wp-json\/wp\/v2\/tags?post=68467"}],"curies":[{"name":"wp","href":"https:\/\/api.w.org\/{rel}","templated":true}]}}