{"id":68474,"date":"2023-11-24T11:11:16","date_gmt":"2023-11-24T14:11:16","guid":{"rendered":"https:\/\/www.todoeldia.com\/?p=68474"},"modified":"2023-11-24T11:11:19","modified_gmt":"2023-11-24T14:11:19","slug":"javier-milei-ratifico-el-cierre-del-banco-central-no-es-un-asunto-negociable","status":"publish","type":"post","link":"https:\/\/www.todoeldia.com\/index.php\/2023\/11\/24\/javier-milei-ratifico-el-cierre-del-banco-central-no-es-un-asunto-negociable\/","title":{"rendered":"Javier Milei ratific\u00f3 el cierre del Banco Central: \u201cNo es un asunto negociable\u201d"},"content":{"rendered":"\n<p>La oficina del presidente electo confirm\u00f3 que Osvaldo Soriano ser\u00e1 el titular de ANSES y Horacio Mart\u00edn estar\u00e1 al frente de Aerol\u00edneas Argentinas.<\/p>\n\n\n\n<p>La oficina del presidente electo Javier Milei confirm\u00f3 esta ma\u00f1ana la designaci\u00f3n de Osvaldo Giordano al frente de la Administraci\u00f3n Nacional de la Seguridad Social (Anses) y de Horacio Mar\u00edn como titular de YPF, a partir del 10 de diciembre.<\/p>\n\n\n\n<p>Por otro lado, a trav\u00e9s de la red social X, la oficina del presidente electo Javier MIlei indic\u00f3 que, \u201cante los falsos rumores difundidos, el cierre del Banco Central no es un asunto negociable\u201d.<\/p>\n\n\n\n<p>\u201cEl economista Osvaldo Soriano ser\u00e1 el titular de la ANSES y el ingeniero Horacio Mart\u00edn estar\u00e1 al frente de YPF a partir del 10 de diciembre\u201d, se inform\u00f3 en el comunidado. \u201cRespecto a la gente del presidente electo, esta tarde mantendr\u00e1 una comunicaci\u00f3n telef\u00f3nica con el presidente de Corea del Sur, Yoon Suk-yeol\u201d, a\u00f1adi\u00f3.<\/p>\n\n\n\n<p>\u201cPor otro lado, ante los falsos rumores difundidos, deseamos aclarar que el cierre del Banco Central de la Rep\u00fablica Argentina (BCRA) no es un aunto negociable\u201d, ratific\u00f3 la oficina de Javier Milei.<\/p>\n","protected":false},"excerpt":{"rendered":"<p>La oficina del presidente electo confirm\u00f3 que Osvaldo Soriano ser\u00e1 el titular de ANSES y Horacio Mart\u00edn estar\u00e1 al frente de Aerol\u00edneas Argentinas. La oficina del presidente electo Javier Milei confirm\u00f3 esta ma\u00f1ana la designaci\u00f3n de Osvaldo Giordano al frente de la Administraci\u00f3n Nacional de la Seguridad Social (Anses) y de Horacio Mar\u00edn como titular [&hellip;]<\/p>\n","protected":false},"author":2,"featured_media":68475,"comment_status":"open","ping_status":"open","sticky":false,"template":"","format":"standard","meta":{"tdm_status":"","tdm_grid_status":"","_joinchat":[],"footnotes":""},"categories":[60],"tags":[],"class_list":{"0":"post-68474","1":"post","2":"type-post","3":"status-publish","4":"format-standard","5":"has-post-thumbnail","7":"category-economia"},"amp_enabled":true,"_links":{"self":[{"href":"https:\/\/www.todoeldia.com\/index.php\/wp-json\/wp\/v2\/posts\/68474","targetHints":{"allow":["GET"]}}],"collection":[{"href":"https:\/\/www.todoeldia.com\/index.php\/wp-json\/wp\/v2\/posts"}],"about":[{"href":"https:\/\/www.todoeldia.com\/index.php\/wp-json\/wp\/v2\/types\/post"}],"author":[{"embeddable":true,"href":"https:\/\/www.todoeldia.com\/index.php\/wp-json\/wp\/v2\/users\/2"}],"replies":[{"embeddable":true,"href":"https:\/\/www.todoeldia.com\/index.php\/wp-json\/wp\/v2\/comments?post=68474"}],"version-history":[{"count":1,"href":"https:\/\/www.todoeldia.com\/index.php\/wp-json\/wp\/v2\/posts\/68474\/revisions"}],"predecessor-version":[{"id":68476,"href":"https:\/\/www.todoeldia.com\/index.php\/wp-json\/wp\/v2\/posts\/68474\/revisions\/68476"}],"wp:featuredmedia":[{"embeddable":true,"href":"https:\/\/www.todoeldia.com\/index.php\/wp-json\/wp\/v2\/media\/68475"}],"wp:attachment":[{"href":"https:\/\/www.todoeldia.com\/index.php\/wp-json\/wp\/v2\/media?parent=68474"}],"wp:term":[{"taxonomy":"category","embeddable":true,"href":"https:\/\/www.todoeldia.com\/index.php\/wp-json\/wp\/v2\/categories?post=68474"},{"taxonomy":"post_tag","embeddable":true,"href":"https:\/\/www.todoeldia.com\/index.php\/wp-json\/wp\/v2\/tags?post=68474"}],"curies":[{"name":"wp","href":"https:\/\/api.w.org\/{rel}","templated":true}]}}