{"id":68487,"date":"2023-11-24T11:42:52","date_gmt":"2023-11-24T14:42:52","guid":{"rendered":"https:\/\/www.todoeldia.com\/?p=68487"},"modified":"2023-11-24T11:42:59","modified_gmt":"2023-11-24T14:42:59","slug":"continua-el-juicio-contra-un-docente-acusado-de-cometer-actos-de-abuso-sexual-en-perjuicio-de-sus-alumnas-en-j-v-gonzalez","status":"publish","type":"post","link":"https:\/\/www.todoeldia.com\/index.php\/2023\/11\/24\/continua-el-juicio-contra-un-docente-acusado-de-cometer-actos-de-abuso-sexual-en-perjuicio-de-sus-alumnas-en-j-v-gonzalez\/","title":{"rendered":"Contin\u00faa el juicio contra un docente acusado de cometer actos de abuso sexual en perjuicio de sus alumnas en J.V. Gonz\u00e1lez"},"content":{"rendered":"\n<p>El acusado se desempe\u00f1aba como docente de nivel primario de la escuela Pedro B. Palacios de esa ciudad. Fue denunciado por padres y familiares de alumnas a las que habr\u00eda sometido a tocamientos.<\/p>\n\n\n\n<p>El fiscal penal Oscar L\u00f3pez Ibarra, interino en la Fiscal\u00eda Penal de Joaqu\u00edn V. Gonz\u00e1lez, represent\u00f3 al Ministerio P\u00fablico Fiscal ante la Sala II del Tribunal de Juicio de ese distrito, en la audiencia de debate contra un hombre de 55 a\u00f1os como autor del delito de abuso sexual simple agravado por la condici\u00f3n de encargado de la educaci\u00f3n de nueve alumnas que asist\u00edan a la instituci\u00f3n donde se desempe\u00f1aba como docente.<\/p>\n\n\n\n<p>Durante la extensa jornada de este jueves comenz\u00f3 la ronda de testimoniales con la declaraci\u00f3n de 12 testigos, entre los que se cuenta a padres y familiares de las ni\u00f1as damnificadas y miembros de la comunidad escolar.<\/p>\n\n\n\n<p>Por la tarde, la jueza Carolina Poma Salvadores, dispuso un cuarto intermedio hasta la primera semana de diciembre para continuar con la recepci\u00f3n de testigos.<\/p>\n\n\n\n<p>Las denuncias fueron radicadas en 2021 por padres y familiares de las alumnas que asist\u00edan al nivel primario de la escuela Pedro B. Palacios, a las que habr\u00eda sometido a tocamientos imp\u00fadicos por encima de sus prendas.<\/p>\n","protected":false},"excerpt":{"rendered":"<p>El acusado se desempe\u00f1aba como docente de nivel primario de la escuela Pedro B. Palacios de esa ciudad. Fue denunciado por padres y familiares de alumnas a las que habr\u00eda sometido a tocamientos. El fiscal penal Oscar L\u00f3pez Ibarra, interino en la Fiscal\u00eda Penal de Joaqu\u00edn V. Gonz\u00e1lez, represent\u00f3 al Ministerio P\u00fablico Fiscal ante la [&hellip;]<\/p>\n","protected":false},"author":2,"featured_media":68488,"comment_status":"open","ping_status":"open","sticky":false,"template":"","format":"standard","meta":{"tdm_status":"","tdm_grid_status":"","_joinchat":[],"footnotes":""},"categories":[63],"tags":[],"class_list":{"0":"post-68487","1":"post","2":"type-post","3":"status-publish","4":"format-standard","5":"has-post-thumbnail","7":"category-policiales"},"amp_enabled":true,"_links":{"self":[{"href":"https:\/\/www.todoeldia.com\/index.php\/wp-json\/wp\/v2\/posts\/68487","targetHints":{"allow":["GET"]}}],"collection":[{"href":"https:\/\/www.todoeldia.com\/index.php\/wp-json\/wp\/v2\/posts"}],"about":[{"href":"https:\/\/www.todoeldia.com\/index.php\/wp-json\/wp\/v2\/types\/post"}],"author":[{"embeddable":true,"href":"https:\/\/www.todoeldia.com\/index.php\/wp-json\/wp\/v2\/users\/2"}],"replies":[{"embeddable":true,"href":"https:\/\/www.todoeldia.com\/index.php\/wp-json\/wp\/v2\/comments?post=68487"}],"version-history":[{"count":1,"href":"https:\/\/www.todoeldia.com\/index.php\/wp-json\/wp\/v2\/posts\/68487\/revisions"}],"predecessor-version":[{"id":68489,"href":"https:\/\/www.todoeldia.com\/index.php\/wp-json\/wp\/v2\/posts\/68487\/revisions\/68489"}],"wp:featuredmedia":[{"embeddable":true,"href":"https:\/\/www.todoeldia.com\/index.php\/wp-json\/wp\/v2\/media\/68488"}],"wp:attachment":[{"href":"https:\/\/www.todoeldia.com\/index.php\/wp-json\/wp\/v2\/media?parent=68487"}],"wp:term":[{"taxonomy":"category","embeddable":true,"href":"https:\/\/www.todoeldia.com\/index.php\/wp-json\/wp\/v2\/categories?post=68487"},{"taxonomy":"post_tag","embeddable":true,"href":"https:\/\/www.todoeldia.com\/index.php\/wp-json\/wp\/v2\/tags?post=68487"}],"curies":[{"name":"wp","href":"https:\/\/api.w.org\/{rel}","templated":true}]}}