{"id":68493,"date":"2023-11-24T12:09:53","date_gmt":"2023-11-24T15:09:53","guid":{"rendered":"https:\/\/www.todoeldia.com\/?p=68493"},"modified":"2023-11-24T12:09:56","modified_gmt":"2023-11-24T15:09:56","slug":"separados-marcelo-tinelli-y-milett-figueroa-estarian-atravesando-su-primera-crisis-de-pareja","status":"publish","type":"post","link":"https:\/\/www.todoeldia.com\/index.php\/2023\/11\/24\/separados-marcelo-tinelli-y-milett-figueroa-estarian-atravesando-su-primera-crisis-de-pareja\/","title":{"rendered":"\u00bfSeparados? Marcelo Tinelli y Milett Figueroa estar\u00edan atravesando su primera crisis de pareja"},"content":{"rendered":"\n<p>\u00c1ngel de Brito revel\u00f3 en LAM que la pareja no estar\u00eda en su mejor momento.<\/p>\n\n\n\n<p>Hace algunas semanas atr\u00e1s, los rumores de un romance entre Marcelo Tinelli y Milett Figueroa comenzaron a circular. Tiempo despu\u00e9s, los protagonistas de esta historia confirmaron en el Bailando 2023 que se est\u00e1n dando una oportunidad al comentar en el programa que no est\u00e1n interesados en conocer a otra persona.<\/p>\n\n\n\n<p>Pero ahora, el conductor y la modelo estar\u00edan atravesando una fuerte crisis. Este jueves, en Los \u00c1ngeles de la Ma\u00f1ana (LAM), \u00c1ngel de Brito coment\u00f3 que Figueroa &#8216;se hab\u00eda encerrado hace dos horas y que no quer\u00eda bajar a hablar con el m\u00f3vil del programa&#8217;. Despu\u00e9s, el periodista de espect\u00e1culos empez\u00f3 a brindar informaci\u00f3n sobre la situaci\u00f3n de la pareja.<\/p>\n\n\n\n<p>&#8220;El lunes estuvo rara la cosa en el Bailando. En el programa de ayer fue peor, porque ya Tinelli, que siempre jode con el tema, no le dec\u00eda ni &#8216;mi novia&#8217;, ni &#8216;mi amor&#8217;, ni &#8216;mi suegra&#8217;, era &#8216;Milett&#8217; de repente&#8221;, revel\u00f3 el medi\u00e1tico.<\/p>\n","protected":false},"excerpt":{"rendered":"<p>\u00c1ngel de Brito revel\u00f3 en LAM que la pareja no estar\u00eda en su mejor momento. Hace algunas semanas atr\u00e1s, los rumores de un romance entre Marcelo Tinelli y Milett Figueroa comenzaron a circular. Tiempo despu\u00e9s, los protagonistas de esta historia confirmaron en el Bailando 2023 que se est\u00e1n dando una oportunidad al comentar en el [&hellip;]<\/p>\n","protected":false},"author":2,"featured_media":68494,"comment_status":"open","ping_status":"open","sticky":false,"template":"","format":"standard","meta":{"tdm_status":"","tdm_grid_status":"","_joinchat":[],"footnotes":""},"categories":[120],"tags":[],"class_list":{"0":"post-68493","1":"post","2":"type-post","3":"status-publish","4":"format-standard","5":"has-post-thumbnail","7":"category-espectaculos-2"},"amp_enabled":true,"_links":{"self":[{"href":"https:\/\/www.todoeldia.com\/index.php\/wp-json\/wp\/v2\/posts\/68493","targetHints":{"allow":["GET"]}}],"collection":[{"href":"https:\/\/www.todoeldia.com\/index.php\/wp-json\/wp\/v2\/posts"}],"about":[{"href":"https:\/\/www.todoeldia.com\/index.php\/wp-json\/wp\/v2\/types\/post"}],"author":[{"embeddable":true,"href":"https:\/\/www.todoeldia.com\/index.php\/wp-json\/wp\/v2\/users\/2"}],"replies":[{"embeddable":true,"href":"https:\/\/www.todoeldia.com\/index.php\/wp-json\/wp\/v2\/comments?post=68493"}],"version-history":[{"count":1,"href":"https:\/\/www.todoeldia.com\/index.php\/wp-json\/wp\/v2\/posts\/68493\/revisions"}],"predecessor-version":[{"id":68495,"href":"https:\/\/www.todoeldia.com\/index.php\/wp-json\/wp\/v2\/posts\/68493\/revisions\/68495"}],"wp:featuredmedia":[{"embeddable":true,"href":"https:\/\/www.todoeldia.com\/index.php\/wp-json\/wp\/v2\/media\/68494"}],"wp:attachment":[{"href":"https:\/\/www.todoeldia.com\/index.php\/wp-json\/wp\/v2\/media?parent=68493"}],"wp:term":[{"taxonomy":"category","embeddable":true,"href":"https:\/\/www.todoeldia.com\/index.php\/wp-json\/wp\/v2\/categories?post=68493"},{"taxonomy":"post_tag","embeddable":true,"href":"https:\/\/www.todoeldia.com\/index.php\/wp-json\/wp\/v2\/tags?post=68493"}],"curies":[{"name":"wp","href":"https:\/\/api.w.org\/{rel}","templated":true}]}}