{"id":68504,"date":"2023-11-24T12:25:49","date_gmt":"2023-11-24T15:25:49","guid":{"rendered":"https:\/\/www.todoeldia.com\/?p=68504"},"modified":"2023-11-24T12:25:51","modified_gmt":"2023-11-24T15:25:51","slug":"la-verdadera-historia-del-dia-en-el-que-pampita-agarro-de-los-pelos-a-isabel-macedo-por-benjamin-vicuna","status":"publish","type":"post","link":"https:\/\/www.todoeldia.com\/index.php\/2023\/11\/24\/la-verdadera-historia-del-dia-en-el-que-pampita-agarro-de-los-pelos-a-isabel-macedo-por-benjamin-vicuna\/","title":{"rendered":"La verdadera historia del d\u00eda en el que Pampita agarr\u00f3 de los pelos a Isabel Macedo por Benjam\u00edn Vicu\u00f1a"},"content":{"rendered":"\n<p>Hace 13 a\u00f1os, Pampita e Isabel Macedo protagonizaron uno de los m\u00e1s grandes esc\u00e1ndalos de la far\u00e1ndula.<\/p>\n\n\n\n<p>Revelaron detalles del d\u00eda en el que Pampita agarr\u00f3 de los pelos a Isabel Macedo. La modelo, en pareja con Benjam\u00edn Vicu\u00f1a, sospechaba de la actriz.<\/p>\n\n\n\n<figure class=\"wp-block-image size-full is-resized\"><img loading=\"lazy\" decoding=\"async\" width=\"768\" height=\"460\" src=\"https:\/\/www.todoeldia.com\/wp-content\/uploads\/2023\/11\/image-142.png\" alt=\"\" class=\"wp-image-68506\" style=\"width:914px;height:auto\" srcset=\"https:\/\/www.todoeldia.com\/wp-content\/uploads\/2023\/11\/image-142.png 768w, https:\/\/www.todoeldia.com\/wp-content\/uploads\/2023\/11\/image-142-300x180.png 300w, https:\/\/www.todoeldia.com\/wp-content\/uploads\/2023\/11\/image-142-696x417.png 696w, https:\/\/www.todoeldia.com\/wp-content\/uploads\/2023\/11\/image-142-701x420.png 701w\" sizes=\"auto, (max-width: 768px) 100vw, 768px\" \/><\/figure>\n\n\n\n<p>Hace 13 a\u00f1os, Pampita e Isabel Macedo protagonizar, de manera lamentable, uno de los esc\u00e1ndalos m\u00e1s resonantes que se recuerden de la far\u00e1ndula argentina, cuando la modelo agarr\u00f3 de los pelos a la actriz.<\/p>\n\n\n\n<p>El bochornoso suceso tuvo lugar en Punta del Este, en el contexto de fuertes rumores de que entre Isabel Macedo y Benjam\u00edn Vicu\u00f1a hab\u00eda un romance, mientras el actor chileno estaba en pareja con la modelo.<\/p>\n\n\n\n<p>En aquella \u00e9poca, Isabel Macedo y Benjam\u00edn Vicu\u00f1a compart\u00edan elenco en la novela Don Juan y su Bella Dama. Los rumores de que algo hab\u00eda entre ellos trascendieron tanto que llegaron a o\u00eddos de Pampita, que no dud\u00f3 en ir a buscar a la actriz.<\/p>\n\n\n\n<figure class=\"wp-block-image size-full is-resized\"><img loading=\"lazy\" decoding=\"async\" width=\"768\" height=\"955\" src=\"https:\/\/www.todoeldia.com\/wp-content\/uploads\/2023\/11\/image-143.png\" alt=\"\" class=\"wp-image-68507\" style=\"width:914px;height:auto\" srcset=\"https:\/\/www.todoeldia.com\/wp-content\/uploads\/2023\/11\/image-143.png 768w, https:\/\/www.todoeldia.com\/wp-content\/uploads\/2023\/11\/image-143-241x300.png 241w, https:\/\/www.todoeldia.com\/wp-content\/uploads\/2023\/11\/image-143-300x373.png 300w, https:\/\/www.todoeldia.com\/wp-content\/uploads\/2023\/11\/image-143-696x865.png 696w, https:\/\/www.todoeldia.com\/wp-content\/uploads\/2023\/11\/image-143-338x420.png 338w\" sizes=\"auto, (max-width: 768px) 100vw, 768px\" \/><\/figure>\n\n\n\n<p>Si bien los detalles de aquel esc\u00e1ndalo se conocieron tiempo despu\u00e9s, ahora Connie Ansaldi, que fue testigo de la situaci\u00f3n, record\u00f3 c\u00f3mo fue que se dio el terrible encontronazo que alcanz\u00f3 agresiones f\u00edsicas.<\/p>\n\n\n\n<p>\u201cCarolina y Benjam\u00edn ven\u00edan de una fiesta y llegaron m\u00e1s tarde. Isabel ya estaba ah\u00ed bailando con sus amigas. En un momento se terminaba todo y yo ve\u00eda que Caro la miraba, porque era vox populi lo que hab\u00eda pasado y le dije a Benjam\u00edn que se la llevara\u201d, comenz\u00f3 contando Connie Ansaldi en LAM.<\/p>\n\n\n\n<p>\u201cIsabel se iba para la salida y Caro sali\u00f3 corriendo atr\u00e1s de ella, la agarr\u00f3, la tir\u00f3 al piso y la agarraron los de seguridad. Todos fuimos corriendo detr\u00e1s de ella y yo la met\u00ed para adentro y le dije: \u2018Caro, ac\u00e1 no\u2019. Y ella me dijo: \u2018Esta hija de puta ven\u00eda a casa y yo le preparaba la comida con mis hijos\u2019\u201d, agreg\u00f3 la periodista.<\/p>\n\n\n\n<p>A pesar de que aquel bochornoso episodio fue incluso tapa de revistas y estuvo en boca de todos durante a\u00f1os, hoy por hoy las cosas entre Pampita e Isabel Macedo estar\u00edan superadas. As\u00ed lo reconoci\u00f3 la propia modelo, cuando le mencionaron el nombre de la actriz. \u201cMe llevo s\u00faper bien. Incluso, hemos compartido momentos\u201d, asegur\u00f3.<\/p>\n","protected":false},"excerpt":{"rendered":"<p>Hace 13 a\u00f1os, Pampita e Isabel Macedo protagonizaron uno de los m\u00e1s grandes esc\u00e1ndalos de la far\u00e1ndula. Revelaron detalles del d\u00eda en el que Pampita agarr\u00f3 de los pelos a Isabel Macedo. La modelo, en pareja con Benjam\u00edn Vicu\u00f1a, sospechaba de la actriz. Hace 13 a\u00f1os, Pampita e Isabel Macedo protagonizar, de manera lamentable, uno [&hellip;]<\/p>\n","protected":false},"author":2,"featured_media":68505,"comment_status":"open","ping_status":"open","sticky":false,"template":"","format":"standard","meta":{"tdm_status":"","tdm_grid_status":"","_joinchat":[],"footnotes":""},"categories":[120],"tags":[],"class_list":{"0":"post-68504","1":"post","2":"type-post","3":"status-publish","4":"format-standard","5":"has-post-thumbnail","7":"category-espectaculos-2"},"amp_enabled":true,"_links":{"self":[{"href":"https:\/\/www.todoeldia.com\/index.php\/wp-json\/wp\/v2\/posts\/68504","targetHints":{"allow":["GET"]}}],"collection":[{"href":"https:\/\/www.todoeldia.com\/index.php\/wp-json\/wp\/v2\/posts"}],"about":[{"href":"https:\/\/www.todoeldia.com\/index.php\/wp-json\/wp\/v2\/types\/post"}],"author":[{"embeddable":true,"href":"https:\/\/www.todoeldia.com\/index.php\/wp-json\/wp\/v2\/users\/2"}],"replies":[{"embeddable":true,"href":"https:\/\/www.todoeldia.com\/index.php\/wp-json\/wp\/v2\/comments?post=68504"}],"version-history":[{"count":1,"href":"https:\/\/www.todoeldia.com\/index.php\/wp-json\/wp\/v2\/posts\/68504\/revisions"}],"predecessor-version":[{"id":68508,"href":"https:\/\/www.todoeldia.com\/index.php\/wp-json\/wp\/v2\/posts\/68504\/revisions\/68508"}],"wp:featuredmedia":[{"embeddable":true,"href":"https:\/\/www.todoeldia.com\/index.php\/wp-json\/wp\/v2\/media\/68505"}],"wp:attachment":[{"href":"https:\/\/www.todoeldia.com\/index.php\/wp-json\/wp\/v2\/media?parent=68504"}],"wp:term":[{"taxonomy":"category","embeddable":true,"href":"https:\/\/www.todoeldia.com\/index.php\/wp-json\/wp\/v2\/categories?post=68504"},{"taxonomy":"post_tag","embeddable":true,"href":"https:\/\/www.todoeldia.com\/index.php\/wp-json\/wp\/v2\/tags?post=68504"}],"curies":[{"name":"wp","href":"https:\/\/api.w.org\/{rel}","templated":true}]}}