{"id":68513,"date":"2023-11-24T12:37:20","date_gmt":"2023-11-24T15:37:20","guid":{"rendered":"https:\/\/www.todoeldia.com\/?p=68513"},"modified":"2023-11-24T12:40:22","modified_gmt":"2023-11-24T15:40:22","slug":"liberacion-de-rehenes-de-israel","status":"publish","type":"post","link":"https:\/\/www.todoeldia.com\/index.php\/2023\/11\/24\/liberacion-de-rehenes-de-israel\/","title":{"rendered":"Los 13 rehenes liberados por Hamas llegaron a Egipto y ser\u00e1n entregados por la Cruz Roja a Israel"},"content":{"rendered":"\n<p>Rige la tregua que abri\u00f3 el camino al intercambio pactado. El primer ministro tailand\u00e9s dijo que 12 conciudadanos suyos integran el contingente que ya cruz\u00f3 la frontera de Gaza. Como contrapartida, 39 palestinos abandonar\u00e1n la c\u00e1rcel de Ofer.<\/p>\n\n\n\n<p>Una tregua de cuatro d\u00edas en la guerra entre Israel y Hamas comenz\u00f3 este viernes y permiti\u00f3 la entrada de ayuda a Gaza, adem\u00e1s de preparar el escenario para la liberaci\u00f3n de docenas de rehenes retenidos por insurgentes en el enclave a cambio de palestinos encarcelados en Israel.<\/p>\n\n\n\n<p>Durante el alto el fuego, Hamas se comprometi\u00f3 a liberar a al menos 50 de los alrededor de 240 rehenes capturados. Por su parte, Israel dejar\u00e1 en libertad a 150 reos palestinos.<\/p>\n\n\n\n<p>Este viernes se liberar\u00e1 a un primer grupo de 13 mujeres y ni\u00f1os israel\u00edes, entre los que hay algunos que tienen doble nacionalidad, y 12 rehenes tailandeses. Tres presos palestinos, tambi\u00e9n mujeres y menores, quedar\u00e1n libres por cada reh\u00e9n.<\/p>\n\n\n\n<p>M\u00e1s de la mitad de los aproximadamente 240 rehenes son extranjeros y ciudadanos de doble nacionalidad de unos 40 pa\u00edses, incluyendo Argentina, Gran Breta\u00f1a, Chile, Francia, Alemania, Portugal, Espa\u00f1a, Tailandia y Estados Unidos<\/p>\n\n\n\n<p>El acuerdo aviv\u00f3 la esperanza de poner fin a una guerra que ha arrasado amplias zonas de Gaza, aliment\u00f3 un repunte de la violencia en la Cisjordania ocupada y despert\u00f3 el temor a un conflicto m\u00e1s amplio en todo Medio Oriente. Pero Israel rechaz\u00f3 las especulaciones y afirm\u00f3 que reanudar\u00e1 su masiva ofensiva una vez finalice la tregua.<\/p>\n","protected":false},"excerpt":{"rendered":"<p>Rige la tregua que abri\u00f3 el camino al intercambio pactado. El primer ministro tailand\u00e9s dijo que 12 conciudadanos suyos integran el contingente que ya cruz\u00f3 la frontera de Gaza. Como contrapartida, 39 palestinos abandonar\u00e1n la c\u00e1rcel de Ofer. Una tregua de cuatro d\u00edas en la guerra entre Israel y Hamas comenz\u00f3 este viernes y permiti\u00f3 [&hellip;]<\/p>\n","protected":false},"author":2,"featured_media":68514,"comment_status":"open","ping_status":"open","sticky":false,"template":"","format":"standard","meta":{"tdm_status":"","tdm_grid_status":"","_joinchat":[],"footnotes":""},"categories":[73],"tags":[],"class_list":{"0":"post-68513","1":"post","2":"type-post","3":"status-publish","4":"format-standard","5":"has-post-thumbnail","7":"category-noticias-general"},"amp_enabled":true,"_links":{"self":[{"href":"https:\/\/www.todoeldia.com\/index.php\/wp-json\/wp\/v2\/posts\/68513","targetHints":{"allow":["GET"]}}],"collection":[{"href":"https:\/\/www.todoeldia.com\/index.php\/wp-json\/wp\/v2\/posts"}],"about":[{"href":"https:\/\/www.todoeldia.com\/index.php\/wp-json\/wp\/v2\/types\/post"}],"author":[{"embeddable":true,"href":"https:\/\/www.todoeldia.com\/index.php\/wp-json\/wp\/v2\/users\/2"}],"replies":[{"embeddable":true,"href":"https:\/\/www.todoeldia.com\/index.php\/wp-json\/wp\/v2\/comments?post=68513"}],"version-history":[{"count":2,"href":"https:\/\/www.todoeldia.com\/index.php\/wp-json\/wp\/v2\/posts\/68513\/revisions"}],"predecessor-version":[{"id":68517,"href":"https:\/\/www.todoeldia.com\/index.php\/wp-json\/wp\/v2\/posts\/68513\/revisions\/68517"}],"wp:featuredmedia":[{"embeddable":true,"href":"https:\/\/www.todoeldia.com\/index.php\/wp-json\/wp\/v2\/media\/68514"}],"wp:attachment":[{"href":"https:\/\/www.todoeldia.com\/index.php\/wp-json\/wp\/v2\/media?parent=68513"}],"wp:term":[{"taxonomy":"category","embeddable":true,"href":"https:\/\/www.todoeldia.com\/index.php\/wp-json\/wp\/v2\/categories?post=68513"},{"taxonomy":"post_tag","embeddable":true,"href":"https:\/\/www.todoeldia.com\/index.php\/wp-json\/wp\/v2\/tags?post=68513"}],"curies":[{"name":"wp","href":"https:\/\/api.w.org\/{rel}","templated":true}]}}