{"id":68518,"date":"2023-11-24T12:47:31","date_gmt":"2023-11-24T15:47:31","guid":{"rendered":"https:\/\/www.todoeldia.com\/?p=68518"},"modified":"2023-11-24T12:47:37","modified_gmt":"2023-11-24T15:47:37","slug":"jorge-macri-confirmo-que-roberto-garcia-moritan-sera-ministro-de-desarrollo-economico","status":"publish","type":"post","link":"https:\/\/www.todoeldia.com\/index.php\/2023\/11\/24\/jorge-macri-confirmo-que-roberto-garcia-moritan-sera-ministro-de-desarrollo-economico\/","title":{"rendered":"Jorge Macri confirm\u00f3 que Roberto Garc\u00eda Morit\u00e1n ser\u00e1 ministro de Desarrollo Econ\u00f3mico"},"content":{"rendered":"\n<p>El jefe de Gobierno porte\u00f1o electo hizo p\u00fablico el nombramiento del futuro funcionario durante un evento organizado por la Asociaci\u00f3n de Hoteles, Restaurantes, Confiter\u00edas y Caf\u00e9s.<\/p>\n\n\n\n<p>El electo jefe de Gobierno porte\u00f1o, Jorge Macri, confirm\u00f3 en las \u00faltimas horas otro integrante de su futuro Gabinete. Se trata de Roberto Garc\u00eda Morit\u00e1n, quien ser\u00e1 ministro de Desarrollo Econ\u00f3mico de la Ciudad de Buenos Aires.<\/p>\n\n\n\n<p>El anuncio de Macri fue lejos de cualquier formalismo: lo hizo durante la celebraci\u00f3n de fin de a\u00f1o de la Asociaci\u00f3n de Hoteles, Restaurantes, Confiter\u00edas y Caf\u00e9s (HRCC).<\/p>\n\n\n\n<p>Al tomar la palabra, el exintendente de Vicente L\u00f3pez solt\u00f3 el nombre del legislador porte\u00f1o como futuro ministro de su Gobierno.<\/p>\n\n\n\n<p>\u201cUstedes construyen identida barrial as\u00ed que todo el camino que hemos recorrido durante estos 16 a\u00f1os ha sido muy valiosos, pero los desaf\u00edos son todav\u00eda mucho m\u00e1s grande. As\u00ed que cuenten conmigo, con Roberto Garc\u00eda Morit\u00e1n, pr\u00f3ximo ministro de Desarrollo Econ\u00f3mico, que adem\u00e1s va a tener a cargo el v\u00ednculo con el sector\u201d, dijo Macri.<\/p>\n","protected":false},"excerpt":{"rendered":"<p>El jefe de Gobierno porte\u00f1o electo hizo p\u00fablico el nombramiento del futuro funcionario durante un evento organizado por la Asociaci\u00f3n de Hoteles, Restaurantes, Confiter\u00edas y Caf\u00e9s. El electo jefe de Gobierno porte\u00f1o, Jorge Macri, confirm\u00f3 en las \u00faltimas horas otro integrante de su futuro Gabinete. Se trata de Roberto Garc\u00eda Morit\u00e1n, quien ser\u00e1 ministro de [&hellip;]<\/p>\n","protected":false},"author":2,"featured_media":68519,"comment_status":"open","ping_status":"open","sticky":false,"template":"","format":"standard","meta":{"tdm_status":"","tdm_grid_status":"","_joinchat":[],"footnotes":""},"categories":[59],"tags":[],"class_list":{"0":"post-68518","1":"post","2":"type-post","3":"status-publish","4":"format-standard","5":"has-post-thumbnail","7":"category-politica"},"amp_enabled":true,"_links":{"self":[{"href":"https:\/\/www.todoeldia.com\/index.php\/wp-json\/wp\/v2\/posts\/68518","targetHints":{"allow":["GET"]}}],"collection":[{"href":"https:\/\/www.todoeldia.com\/index.php\/wp-json\/wp\/v2\/posts"}],"about":[{"href":"https:\/\/www.todoeldia.com\/index.php\/wp-json\/wp\/v2\/types\/post"}],"author":[{"embeddable":true,"href":"https:\/\/www.todoeldia.com\/index.php\/wp-json\/wp\/v2\/users\/2"}],"replies":[{"embeddable":true,"href":"https:\/\/www.todoeldia.com\/index.php\/wp-json\/wp\/v2\/comments?post=68518"}],"version-history":[{"count":1,"href":"https:\/\/www.todoeldia.com\/index.php\/wp-json\/wp\/v2\/posts\/68518\/revisions"}],"predecessor-version":[{"id":68520,"href":"https:\/\/www.todoeldia.com\/index.php\/wp-json\/wp\/v2\/posts\/68518\/revisions\/68520"}],"wp:featuredmedia":[{"embeddable":true,"href":"https:\/\/www.todoeldia.com\/index.php\/wp-json\/wp\/v2\/media\/68519"}],"wp:attachment":[{"href":"https:\/\/www.todoeldia.com\/index.php\/wp-json\/wp\/v2\/media?parent=68518"}],"wp:term":[{"taxonomy":"category","embeddable":true,"href":"https:\/\/www.todoeldia.com\/index.php\/wp-json\/wp\/v2\/categories?post=68518"},{"taxonomy":"post_tag","embeddable":true,"href":"https:\/\/www.todoeldia.com\/index.php\/wp-json\/wp\/v2\/tags?post=68518"}],"curies":[{"name":"wp","href":"https:\/\/api.w.org\/{rel}","templated":true}]}}