{"id":68521,"date":"2023-11-24T14:22:58","date_gmt":"2023-11-24T17:22:58","guid":{"rendered":"https:\/\/www.todoeldia.com\/?p=68521"},"modified":"2023-11-24T14:23:02","modified_gmt":"2023-11-24T17:23:02","slug":"de-terror-madre-e-hijo-condenados-el-por-abusar-de-su-hermana-y-ella-por-no-hacer-nada","status":"publish","type":"post","link":"https:\/\/www.todoeldia.com\/index.php\/2023\/11\/24\/de-terror-madre-e-hijo-condenados-el-por-abusar-de-su-hermana-y-ella-por-no-hacer-nada\/","title":{"rendered":"\u00a1De terror! Madre e hijo condenados: \u00e9l, por abusar de su hermana y ella por no hacer nada"},"content":{"rendered":"\n<p>Un sujeto de 28 a\u00f1os y su madre, de 63 a\u00f1os, fueron condenados a ocho a\u00f1os de prisi\u00f3n efectiva. \u00c9l, por abuso sexual en perjuicio de su hermana menor y ella, por haber cooperado con el delito al ignorar a su hija cuando le cont\u00f3 lo que el imputado le hac\u00eda.<\/p>\n\n\n\n<p>La audiencia de debate se llev\u00f3 a cabo en la Sala V del Tribunal de Juicio.<\/p>\n\n\n\n<p>La jueza M\u00f3nica Faber encontr\u00f3 al acusado autor material y penalmente responsable de los delitos de abuso sexual con acceso carnal continuado agravado por el v\u00ednculo y la convivencia, en concurso real con abuso sexual gravemente ultrajante por la reiteraci\u00f3n y circunstancias de realizaci\u00f3n, agravado por la guarda y la convivencia. La pena fue unificada composicionalmente con otra dictada por el Juzgado de Menores 2 en el monto de ocho a\u00f1os de prisi\u00f3n efectiva. El sujeto cumplir\u00e1 la condena en la Unidad Carcelaria 1.<\/p>\n\n\n\n<p>La madre, en tanto, fue considerada autora del delito de cooperaci\u00f3n en la realizaci\u00f3n de delitos contra la integridad sexual. En su caso, la jueza orden\u00f3 que la condena se cumpla con modalidad de arresto domiciliario.<\/p>\n\n\n\n<p>La v\u00edctima (actualmente mayor de edad) fue abusada por su hermano desde los 5 hasta los 17 a\u00f1os. Las agresiones salieron a la luz cuando la adolescente le cont\u00f3 a un compa\u00f1ero de escuela lo que suced\u00eda en su casa. Fue en junio de 2021 y la v\u00edctima ten\u00eda 16 a\u00f1os. El chico se lo coment\u00f3 a su mam\u00e1 y fue ella la que radic\u00f3 la denuncia en representaci\u00f3n de la menor.<\/p>\n\n\n\n<p>En aquella oportunidad, la damnificada le hab\u00eda contado a su compa\u00f1ero que su hermano mayor hab\u00eda comenzado a abusar de ella a los 5 a\u00f1os y que lo hab\u00eda hecho en reiteradas oportunidades. Manifest\u00f3 que ella le hab\u00eda avisado a su madre lo que ocurr\u00eda, pero no le crey\u00f3. Dijo que incluso en una oportunidad la acusada fue testigo de los hechos y decidi\u00f3 no hacer nada.<\/p>\n\n\n\n<p>La denunciante se\u00f1al\u00f3 que, cuando la adolescente iba a su domicilio, se negaba a retornar a su casa. Ten\u00eda una actitud t\u00edmida y temerosa. Ella le hab\u00eda preguntado varias veces si pasaba algo malo en su hogar, pero nunca le cont\u00f3. Enterada de los sucesos a trav\u00e9s de su hijo, la mujer ofreci\u00f3 su casa para que la menor se hospedara all\u00ed hasta tanto la justicia adoptara los recaudos para garantizar su bienestar.&nbsp;&nbsp;<\/p>\n\n\n\n<p>Cuando cumpli\u00f3 los 18 a\u00f1os (junio de 2022), la v\u00edctima radic\u00f3 la denuncia contra su hermano. Ratific\u00f3 que fue abusada desde los 5 hasta los 17 a\u00f1os y que su mam\u00e1 conoc\u00eda la situaci\u00f3n. Se\u00f1al\u00f3 que ya no ten\u00eda v\u00ednculo con su familia.<\/p>\n\n\n\n<p>La v\u00edctima manifest\u00f3 que su hermano abusaba de ella incluso cuando hab\u00eda otras personas en la vivienda. Dijo que nunca pidi\u00f3 auxilio ni grit\u00f3 porque \u00e9l le dec\u00eda que esas cosas eran normales entre hermanos. Adem\u00e1s, cuando le cont\u00f3 a su mam\u00e1 llorando lo que le pasaba, ella no reaccion\u00f3. Esto contribuy\u00f3 a que naturalizara la situaci\u00f3n.&nbsp;<\/p>\n","protected":false},"excerpt":{"rendered":"<p>Un sujeto de 28 a\u00f1os y su madre, de 63 a\u00f1os, fueron condenados a ocho a\u00f1os de prisi\u00f3n efectiva. \u00c9l, por abuso sexual en perjuicio de su hermana menor y ella, por haber cooperado con el delito al ignorar a su hija cuando le cont\u00f3 lo que el imputado le hac\u00eda. La audiencia de debate [&hellip;]<\/p>\n","protected":false},"author":2,"featured_media":35391,"comment_status":"open","ping_status":"open","sticky":false,"template":"","format":"standard","meta":{"tdm_status":"","tdm_grid_status":"","_joinchat":[],"footnotes":""},"categories":[63],"tags":[],"class_list":{"0":"post-68521","1":"post","2":"type-post","3":"status-publish","4":"format-standard","5":"has-post-thumbnail","7":"category-policiales"},"amp_enabled":true,"_links":{"self":[{"href":"https:\/\/www.todoeldia.com\/index.php\/wp-json\/wp\/v2\/posts\/68521","targetHints":{"allow":["GET"]}}],"collection":[{"href":"https:\/\/www.todoeldia.com\/index.php\/wp-json\/wp\/v2\/posts"}],"about":[{"href":"https:\/\/www.todoeldia.com\/index.php\/wp-json\/wp\/v2\/types\/post"}],"author":[{"embeddable":true,"href":"https:\/\/www.todoeldia.com\/index.php\/wp-json\/wp\/v2\/users\/2"}],"replies":[{"embeddable":true,"href":"https:\/\/www.todoeldia.com\/index.php\/wp-json\/wp\/v2\/comments?post=68521"}],"version-history":[{"count":1,"href":"https:\/\/www.todoeldia.com\/index.php\/wp-json\/wp\/v2\/posts\/68521\/revisions"}],"predecessor-version":[{"id":68522,"href":"https:\/\/www.todoeldia.com\/index.php\/wp-json\/wp\/v2\/posts\/68521\/revisions\/68522"}],"wp:featuredmedia":[{"embeddable":true,"href":"https:\/\/www.todoeldia.com\/index.php\/wp-json\/wp\/v2\/media\/35391"}],"wp:attachment":[{"href":"https:\/\/www.todoeldia.com\/index.php\/wp-json\/wp\/v2\/media?parent=68521"}],"wp:term":[{"taxonomy":"category","embeddable":true,"href":"https:\/\/www.todoeldia.com\/index.php\/wp-json\/wp\/v2\/categories?post=68521"},{"taxonomy":"post_tag","embeddable":true,"href":"https:\/\/www.todoeldia.com\/index.php\/wp-json\/wp\/v2\/tags?post=68521"}],"curies":[{"name":"wp","href":"https:\/\/api.w.org\/{rel}","templated":true}]}}