{"id":68523,"date":"2023-11-24T14:25:55","date_gmt":"2023-11-24T17:25:55","guid":{"rendered":"https:\/\/www.todoeldia.com\/?p=68523"},"modified":"2023-11-24T14:26:00","modified_gmt":"2023-11-24T17:26:00","slug":"degenerado-cumplira-ocho-anos-de-prision-por-abusar-de-su-nieta","status":"publish","type":"post","link":"https:\/\/www.todoeldia.com\/index.php\/2023\/11\/24\/degenerado-cumplira-ocho-anos-de-prision-por-abusar-de-su-nieta\/","title":{"rendered":"Degenerado cumplir\u00e1 ocho a\u00f1os de prisi\u00f3n por abusar de su nieta"},"content":{"rendered":"\n<p>El juez de la Sala II del Tribunal de Juicio de Or\u00e1n, Ra\u00fal Fernando L\u00f3pez, conden\u00f3 a un hombre de 65 a\u00f1os por ser autor del delito de abuso sexual gravemente ultrajante por su duraci\u00f3n y circunstancias de su realizaci\u00f3n, agravado por haber ser cometido por un ascendiente, la guarda y la convivencia.<\/p>\n\n\n\n<p>Le impuso la pena de ocho a\u00f1os de prisi\u00f3n efectiva y la inhabilitaci\u00f3n absoluta por el tiempo de la condena. El hombre se encuentra detenido y cumplir\u00e1 su condena en la Unidad Carcelaria 3 de Or\u00e1n.<\/p>\n\n\n\n<p>La denuncia fue radicada en octubre del a\u00f1o pasado, por el hijo del acusado y padre de la v\u00edctima, que al momento del hecho ten\u00eda 8 a\u00f1os. El hombre se enter\u00f3 de la situaci\u00f3n por su madre, que vio cuando su pareja le tocaba el pecho a la ni\u00f1a pensando que no los ve\u00eda.<\/p>\n\n\n\n<p>En ese momento la mujer le pregunt\u00f3 a su nieta sobre lo sucedido y ella le cont\u00f3 que su abuelo le tocaba sus partes \u00edntimas cuando se quedaban solos en la casa.<\/p>\n","protected":false},"excerpt":{"rendered":"<p>El juez de la Sala II del Tribunal de Juicio de Or\u00e1n, Ra\u00fal Fernando L\u00f3pez, conden\u00f3 a un hombre de 65 a\u00f1os por ser autor del delito de abuso sexual gravemente ultrajante por su duraci\u00f3n y circunstancias de su realizaci\u00f3n, agravado por haber ser cometido por un ascendiente, la guarda y la convivencia. Le impuso [&hellip;]<\/p>\n","protected":false},"author":2,"featured_media":37740,"comment_status":"open","ping_status":"open","sticky":false,"template":"","format":"standard","meta":{"tdm_status":"","tdm_grid_status":"","_joinchat":[],"footnotes":""},"categories":[63],"tags":[],"class_list":{"0":"post-68523","1":"post","2":"type-post","3":"status-publish","4":"format-standard","5":"has-post-thumbnail","7":"category-policiales"},"amp_enabled":true,"_links":{"self":[{"href":"https:\/\/www.todoeldia.com\/index.php\/wp-json\/wp\/v2\/posts\/68523","targetHints":{"allow":["GET"]}}],"collection":[{"href":"https:\/\/www.todoeldia.com\/index.php\/wp-json\/wp\/v2\/posts"}],"about":[{"href":"https:\/\/www.todoeldia.com\/index.php\/wp-json\/wp\/v2\/types\/post"}],"author":[{"embeddable":true,"href":"https:\/\/www.todoeldia.com\/index.php\/wp-json\/wp\/v2\/users\/2"}],"replies":[{"embeddable":true,"href":"https:\/\/www.todoeldia.com\/index.php\/wp-json\/wp\/v2\/comments?post=68523"}],"version-history":[{"count":1,"href":"https:\/\/www.todoeldia.com\/index.php\/wp-json\/wp\/v2\/posts\/68523\/revisions"}],"predecessor-version":[{"id":68524,"href":"https:\/\/www.todoeldia.com\/index.php\/wp-json\/wp\/v2\/posts\/68523\/revisions\/68524"}],"wp:featuredmedia":[{"embeddable":true,"href":"https:\/\/www.todoeldia.com\/index.php\/wp-json\/wp\/v2\/media\/37740"}],"wp:attachment":[{"href":"https:\/\/www.todoeldia.com\/index.php\/wp-json\/wp\/v2\/media?parent=68523"}],"wp:term":[{"taxonomy":"category","embeddable":true,"href":"https:\/\/www.todoeldia.com\/index.php\/wp-json\/wp\/v2\/categories?post=68523"},{"taxonomy":"post_tag","embeddable":true,"href":"https:\/\/www.todoeldia.com\/index.php\/wp-json\/wp\/v2\/tags?post=68523"}],"curies":[{"name":"wp","href":"https:\/\/api.w.org\/{rel}","templated":true}]}}