{"id":68525,"date":"2023-11-24T17:08:37","date_gmt":"2023-11-24T20:08:37","guid":{"rendered":"https:\/\/www.todoeldia.com\/?p=68525"},"modified":"2023-11-24T17:08:39","modified_gmt":"2023-11-24T20:08:39","slug":"ordenaron-la-inmediata-detencion-de-leonardo-farina-por-la-causa-de-la-ruta-del-dinero-k","status":"publish","type":"post","link":"https:\/\/www.todoeldia.com\/index.php\/2023\/11\/24\/ordenaron-la-inmediata-detencion-de-leonardo-farina-por-la-causa-de-la-ruta-del-dinero-k\/","title":{"rendered":"Ordenaron la inmediata detenci\u00f3n de Leonardo Fari\u00f1a por la causa de la ruta del dinero K"},"content":{"rendered":"\n<p>As\u00ed lo determin\u00f3 el juez de C\u00e1mara N\u00e9stor Costabel tras un pedido del fiscal Abel C\u00f3rdoba para que purgue su condena de 3 a\u00f1os y seis meses en la c\u00e1rcel, luego de haber sido detenido hace pocos d\u00edas en un allanamiento en una cueva de la Ciudad de Buenos Aires.<\/p>\n\n\n\n<p>Ordenaron la inmediata detenci\u00f3n de Leonardo Fari\u00f1a por la causa de la ruta del dinero K. As\u00ed lo determin\u00f3 la Justicia tras un pedido del fiscal federal Abel C\u00f3rdoba que busca que el \u201carrepentido K\u201d purgue su condena de 3 a\u00f1os en la c\u00e1cel, luego de que haya sido detenido en medio de los allanamientos a las cuevas de d\u00f3lar blue de la Ciudad de Buenos Aires. La informaci\u00f3n fue confirmada a TN por el abogado del acusado, Roberto Herrera.<\/p>\n\n\n\n<p>\u201cPor ahora est\u00e1 detenido por el Tribunal Oral 4, y el Juzgado Nacional en lo Penal Econ\u00f3mico N\u00b0 2, Secretar\u00eda N\u00b0 4. Est\u00e1 alojado en Madariaga y General Paz\u201d, explic\u00f3 el letrado. Adem\u00e1s, indic\u00f3 que Fari\u00f1a fue condenado a 3 a\u00f1os y 6 meses de c\u00e1rcel, de lo cual ya cumpli\u00f3 2 a\u00f1os y 20 d\u00edas tras las rejas. Sin embargo, el fiscal pretende que cumpla lo que le resta en prisi\u00f3n.<\/p>\n\n\n\n<p>En la resoluci\u00f3n del juez de C\u00e1mara N\u00e9stor Costabel, se dispuso adem\u00e1s que \u201cLeonardo Fari\u00f1a deber\u00e1 ser alojado en el Complejo Penitenciario que corresponda, a donde una vez efectuado su traslado se remitir\u00e1 el c\u00f3mputo pertinente y copia de la sentencia de condena\u201d.<\/p>\n\n\n\n<p><\/p>\n","protected":false},"excerpt":{"rendered":"<p>As\u00ed lo determin\u00f3 el juez de C\u00e1mara N\u00e9stor Costabel tras un pedido del fiscal Abel C\u00f3rdoba para que purgue su condena de 3 a\u00f1os y seis meses en la c\u00e1rcel, luego de haber sido detenido hace pocos d\u00edas en un allanamiento en una cueva de la Ciudad de Buenos Aires. Ordenaron la inmediata detenci\u00f3n de [&hellip;]<\/p>\n","protected":false},"author":2,"featured_media":68134,"comment_status":"open","ping_status":"open","sticky":false,"template":"","format":"standard","meta":{"tdm_status":"","tdm_grid_status":"","_joinchat":[],"footnotes":""},"categories":[63],"tags":[],"class_list":{"0":"post-68525","1":"post","2":"type-post","3":"status-publish","4":"format-standard","5":"has-post-thumbnail","7":"category-policiales"},"amp_enabled":true,"_links":{"self":[{"href":"https:\/\/www.todoeldia.com\/index.php\/wp-json\/wp\/v2\/posts\/68525","targetHints":{"allow":["GET"]}}],"collection":[{"href":"https:\/\/www.todoeldia.com\/index.php\/wp-json\/wp\/v2\/posts"}],"about":[{"href":"https:\/\/www.todoeldia.com\/index.php\/wp-json\/wp\/v2\/types\/post"}],"author":[{"embeddable":true,"href":"https:\/\/www.todoeldia.com\/index.php\/wp-json\/wp\/v2\/users\/2"}],"replies":[{"embeddable":true,"href":"https:\/\/www.todoeldia.com\/index.php\/wp-json\/wp\/v2\/comments?post=68525"}],"version-history":[{"count":1,"href":"https:\/\/www.todoeldia.com\/index.php\/wp-json\/wp\/v2\/posts\/68525\/revisions"}],"predecessor-version":[{"id":68526,"href":"https:\/\/www.todoeldia.com\/index.php\/wp-json\/wp\/v2\/posts\/68525\/revisions\/68526"}],"wp:featuredmedia":[{"embeddable":true,"href":"https:\/\/www.todoeldia.com\/index.php\/wp-json\/wp\/v2\/media\/68134"}],"wp:attachment":[{"href":"https:\/\/www.todoeldia.com\/index.php\/wp-json\/wp\/v2\/media?parent=68525"}],"wp:term":[{"taxonomy":"category","embeddable":true,"href":"https:\/\/www.todoeldia.com\/index.php\/wp-json\/wp\/v2\/categories?post=68525"},{"taxonomy":"post_tag","embeddable":true,"href":"https:\/\/www.todoeldia.com\/index.php\/wp-json\/wp\/v2\/tags?post=68525"}],"curies":[{"name":"wp","href":"https:\/\/api.w.org\/{rel}","templated":true}]}}