{"id":68527,"date":"2023-11-24T17:21:32","date_gmt":"2023-11-24T20:21:32","guid":{"rendered":"https:\/\/www.todoeldia.com\/?p=68527"},"modified":"2023-11-24T17:21:34","modified_gmt":"2023-11-24T20:21:34","slug":"la-historia-del-diablito-echeverri-figura-estelar-ante-brasil-su-clausula-millonaria-los-grandes-de-europa-lo-siguen-y-su-frase-viral","status":"publish","type":"post","link":"https:\/\/www.todoeldia.com\/index.php\/2023\/11\/24\/la-historia-del-diablito-echeverri-figura-estelar-ante-brasil-su-clausula-millonaria-los-grandes-de-europa-lo-siguen-y-su-frase-viral\/","title":{"rendered":"La historia del Diablito Echeverri, figura estelar ante Brasil: su cl\u00e1usula millonaria, los grandes de Europa lo siguen y su frase viral"},"content":{"rendered":"\n<p>\u201cMuy feliz por c\u00f3mo se jug\u00f3, y por los tres goles. Ahora a disfrutar. No todos los d\u00edas se le gana 3 a 0 a Brasil; pero ahora a pensar en Alemania. Est\u00e1bamos confiados por el equipo que tenemos. Nos dieron el golpe en el primer partido y nos levantamos para ganar\u201d, solt\u00f3 Claudio Diablito Echeverri, con una sonrisa en su rostro.<\/p>\n\n\n\n<p>El capit\u00e1n de la selecci\u00f3n argentina Sub 17 tuvo una actuaci\u00f3n consagratoria en los cuartos de final del Mundial Sub 17 ante el cl\u00e1sico rival. El joven chaque\u00f1o fue vital para los de Diego Placente al marcar los tres goles de su equipo y as\u00ed sellar el boleto a las semifinales, donde aguarda Alemania.<\/p>\n\n\n\n<p>Sin embargo, esta actuaci\u00f3n no es ning\u00fan tipo de sorpresa. Desde hace varios a\u00f1os un nombre suena con fuerza en el Mundo River luego de cada jornada de las Divisiones Inferiores. El nacido el 2 de enero de 2006 (17 a\u00f1os) en Resistencia, Chaco, es una de las principales joyas del Millonario, ya debut\u00f3 en Primera Divisi\u00f3n de la mano de Mart\u00edn Demichelis, tiene una cl\u00e1usula millonaria y los principales clubes de Europa lo siguen de cerca (ojeadores de los poderosos de Espa\u00f1a, Italia e Inglaterra lo vieron en varios partidos).<\/p>\n\n\n\n<p><\/p>\n\n\n\n<figure class=\"wp-block-embed is-type-video is-provider-youtube wp-block-embed-youtube wp-embed-aspect-16-9 wp-has-aspect-ratio\"><div class=\"wp-block-embed__wrapper\">\n<iframe loading=\"lazy\" title=\"Argentina 3-0 Brasil | Copa Mundial Sub-17 de la FIFA\u2122 Indonesia 2023 | Cuartos de final\" width=\"696\" height=\"392\" src=\"https:\/\/www.youtube.com\/embed\/z4mnDcbSmK0?feature=oembed\" frameborder=\"0\" allow=\"accelerometer; autoplay; clipboard-write; encrypted-media; gyroscope; picture-in-picture; web-share\" allowfullscreen><\/iframe>\n<\/div><\/figure>\n\n\n\n<p>Su ascenso dentro del club de N\u00fa\u00f1ez fue mete\u00f3rico pese a que las competencias juveniles en el pa\u00eds estuvieron un tiempo prolongado detenidas producto de la pandemia del coronavirus. Con solo 16 a\u00f1os debut\u00f3 de manera oficial con la Reserva en octubre del 2022 (marc\u00f3 un tanto en la victoria contra Patronato en el River Camp) y en la temporada siguiente se convirti\u00f3 en una pieza habitual para Marcelo Escudero y en junio de este a\u00f1o debut\u00f3 de manera oficial con la banda roja cruzada en el pecho.<\/p>\n\n\n\n<p>Al ver que varios equipos importantes de Europa ten\u00edan en la mira al chaque\u00f1o, el 2 de enero de este a\u00f1o (justamente en el d\u00eda de su natalicio) la dirigencia de River Plate decidi\u00f3 blindarlo al firmarle un contrato como futbolista profesional hasta el 31 de diciembre de 2025 con una cl\u00e1usula de salida de 20 millones de euros (asciende a 25 a pocos d\u00edas del cierre del mercado).<\/p>\n\n\n\n<figure class=\"wp-block-image size-full is-resized\"><img loading=\"lazy\" decoding=\"async\" width=\"768\" height=\"432\" src=\"https:\/\/www.todoeldia.com\/wp-content\/uploads\/2023\/11\/image-145.png\" alt=\"\" class=\"wp-image-68529\" style=\"width:914px;height:auto\" srcset=\"https:\/\/www.todoeldia.com\/wp-content\/uploads\/2023\/11\/image-145.png 768w, https:\/\/www.todoeldia.com\/wp-content\/uploads\/2023\/11\/image-145-300x169.png 300w, https:\/\/www.todoeldia.com\/wp-content\/uploads\/2023\/11\/image-145-696x392.png 696w, https:\/\/www.todoeldia.com\/wp-content\/uploads\/2023\/11\/image-145-747x420.png 747w\" sizes=\"auto, (max-width: 768px) 100vw, 768px\" \/><\/figure>\n\n\n\n<p><strong>En el d\u00eda de su cumplea\u00f1os n\u00famero 17 el Diablito Echeverri firm\u00f3 contrato profesional con River Plate (@claudioecheverri_)<\/strong><\/p>\n\n\n\n<p>Su desparpajo a la hora de jugar, sumado a su visi\u00f3n de juego y talento, tambi\u00e9n generaron inter\u00e9s en Lionel Scaloni, quien no dud\u00f3 en llamar al Diablito para que se sumara durante algunos minutos a una pr\u00e1ctica junto al flamante plantel campe\u00f3n del mundo. Pese a que fue una escasa participaci\u00f3n, el joven se gan\u00f3 los elogios de un emblema del equipo nacional, como \u00c1ngel Di Mar\u00eda. \u201cSe lo vio bastante picante, ya lo estuvimos viendo . Tiene mucho para dar. Es lindo que el cuerpo t\u00e9cnico traiga jugadores m\u00e1s chicos para que puedan disfrutar con los m\u00e1s grandes en este momento tan lindo que estamos viviendo\u201d, esboz\u00f3 el Fideo.<\/p>\n","protected":false},"excerpt":{"rendered":"<p>\u201cMuy feliz por c\u00f3mo se jug\u00f3, y por los tres goles. Ahora a disfrutar. No todos los d\u00edas se le gana 3 a 0 a Brasil; pero ahora a pensar en Alemania. Est\u00e1bamos confiados por el equipo que tenemos. Nos dieron el golpe en el primer partido y nos levantamos para ganar\u201d, solt\u00f3 Claudio Diablito [&hellip;]<\/p>\n","protected":false},"author":2,"featured_media":68528,"comment_status":"open","ping_status":"open","sticky":false,"template":"","format":"standard","meta":{"tdm_status":"","tdm_grid_status":"","_joinchat":[],"footnotes":""},"categories":[62],"tags":[],"class_list":{"0":"post-68527","1":"post","2":"type-post","3":"status-publish","4":"format-standard","5":"has-post-thumbnail","7":"category-deportes"},"amp_enabled":true,"_links":{"self":[{"href":"https:\/\/www.todoeldia.com\/index.php\/wp-json\/wp\/v2\/posts\/68527","targetHints":{"allow":["GET"]}}],"collection":[{"href":"https:\/\/www.todoeldia.com\/index.php\/wp-json\/wp\/v2\/posts"}],"about":[{"href":"https:\/\/www.todoeldia.com\/index.php\/wp-json\/wp\/v2\/types\/post"}],"author":[{"embeddable":true,"href":"https:\/\/www.todoeldia.com\/index.php\/wp-json\/wp\/v2\/users\/2"}],"replies":[{"embeddable":true,"href":"https:\/\/www.todoeldia.com\/index.php\/wp-json\/wp\/v2\/comments?post=68527"}],"version-history":[{"count":1,"href":"https:\/\/www.todoeldia.com\/index.php\/wp-json\/wp\/v2\/posts\/68527\/revisions"}],"predecessor-version":[{"id":68530,"href":"https:\/\/www.todoeldia.com\/index.php\/wp-json\/wp\/v2\/posts\/68527\/revisions\/68530"}],"wp:featuredmedia":[{"embeddable":true,"href":"https:\/\/www.todoeldia.com\/index.php\/wp-json\/wp\/v2\/media\/68528"}],"wp:attachment":[{"href":"https:\/\/www.todoeldia.com\/index.php\/wp-json\/wp\/v2\/media?parent=68527"}],"wp:term":[{"taxonomy":"category","embeddable":true,"href":"https:\/\/www.todoeldia.com\/index.php\/wp-json\/wp\/v2\/categories?post=68527"},{"taxonomy":"post_tag","embeddable":true,"href":"https:\/\/www.todoeldia.com\/index.php\/wp-json\/wp\/v2\/tags?post=68527"}],"curies":[{"name":"wp","href":"https:\/\/api.w.org\/{rel}","templated":true}]}}