{"id":68531,"date":"2023-11-24T20:54:13","date_gmt":"2023-11-24T23:54:13","guid":{"rendered":"https:\/\/www.todoeldia.com\/?p=68531"},"modified":"2023-11-24T20:54:16","modified_gmt":"2023-11-24T23:54:16","slug":"la-justicia-investiga-el-supuesto-intento-de-rapto-de-una-adolescente-en-embarcacion","status":"publish","type":"post","link":"https:\/\/www.todoeldia.com\/index.php\/2023\/11\/24\/la-justicia-investiga-el-supuesto-intento-de-rapto-de-una-adolescente-en-embarcacion\/","title":{"rendered":"La justicia investiga el supuesto intento de rapto de una adolescente en Embarcaci\u00f3n"},"content":{"rendered":"\n<p>La denuncia fue radicada por la madre de la menor, quien habr\u00eda sido abordada por dos personas que circulaban en un auto e intentaron hacerla subir. Se dispusieron numerosas medidas tendientes a esclarecer el hecho.<\/p>\n\n\n\n<p>La fiscal penal de Embarcaci\u00f3n, Gabriela Souto, investiga un hecho ocurrido durante la ma\u00f1ana de este viernes en las inmediaciones de calles Sarmiento y 25 de Mayo de esa ciudad, cuando una menor de 13 a\u00f1os regresaba a su domicilio luego de no poder ingresar al colegio y seg\u00fan denuncia su madre, habr\u00eda sido abordada por dos hombres que circulaban en un autom\u00f3vil y uno de ellos la tom\u00f3 del brazo e intent\u00f3 hacerla subir.<\/p>\n\n\n\n<p>La adolescente forceje\u00f3 y logro huir, dirigi\u00e9ndose al establecimiento escolar, desde donde se comunicaron con su madre y con personal policial.<\/p>\n\n\n\n<p>La fiscal Souto dispuso el cumplimiento de diversas medidas para lograr el esclarecimiento del hecho, tales como relevamiento de testigos, c\u00e1maras de seguridad p\u00fablicas y privadas y que la menor damnificada sea asistida por un psic\u00f3logo del Servicio de Asistencia a la V\u00edctima (SAVIC).<\/p>\n","protected":false},"excerpt":{"rendered":"<p>La denuncia fue radicada por la madre de la menor, quien habr\u00eda sido abordada por dos personas que circulaban en un auto e intentaron hacerla subir. Se dispusieron numerosas medidas tendientes a esclarecer el hecho. La fiscal penal de Embarcaci\u00f3n, Gabriela Souto, investiga un hecho ocurrido durante la ma\u00f1ana de este viernes en las inmediaciones [&hellip;]<\/p>\n","protected":false},"author":2,"featured_media":68532,"comment_status":"open","ping_status":"open","sticky":false,"template":"","format":"standard","meta":{"tdm_status":"","tdm_grid_status":"","_joinchat":[],"footnotes":""},"categories":[63],"tags":[],"class_list":{"0":"post-68531","1":"post","2":"type-post","3":"status-publish","4":"format-standard","5":"has-post-thumbnail","7":"category-policiales"},"amp_enabled":true,"_links":{"self":[{"href":"https:\/\/www.todoeldia.com\/index.php\/wp-json\/wp\/v2\/posts\/68531","targetHints":{"allow":["GET"]}}],"collection":[{"href":"https:\/\/www.todoeldia.com\/index.php\/wp-json\/wp\/v2\/posts"}],"about":[{"href":"https:\/\/www.todoeldia.com\/index.php\/wp-json\/wp\/v2\/types\/post"}],"author":[{"embeddable":true,"href":"https:\/\/www.todoeldia.com\/index.php\/wp-json\/wp\/v2\/users\/2"}],"replies":[{"embeddable":true,"href":"https:\/\/www.todoeldia.com\/index.php\/wp-json\/wp\/v2\/comments?post=68531"}],"version-history":[{"count":1,"href":"https:\/\/www.todoeldia.com\/index.php\/wp-json\/wp\/v2\/posts\/68531\/revisions"}],"predecessor-version":[{"id":68533,"href":"https:\/\/www.todoeldia.com\/index.php\/wp-json\/wp\/v2\/posts\/68531\/revisions\/68533"}],"wp:featuredmedia":[{"embeddable":true,"href":"https:\/\/www.todoeldia.com\/index.php\/wp-json\/wp\/v2\/media\/68532"}],"wp:attachment":[{"href":"https:\/\/www.todoeldia.com\/index.php\/wp-json\/wp\/v2\/media?parent=68531"}],"wp:term":[{"taxonomy":"category","embeddable":true,"href":"https:\/\/www.todoeldia.com\/index.php\/wp-json\/wp\/v2\/categories?post=68531"},{"taxonomy":"post_tag","embeddable":true,"href":"https:\/\/www.todoeldia.com\/index.php\/wp-json\/wp\/v2\/tags?post=68531"}],"curies":[{"name":"wp","href":"https:\/\/api.w.org\/{rel}","templated":true}]}}