{"id":68534,"date":"2023-11-24T21:04:23","date_gmt":"2023-11-25T00:04:23","guid":{"rendered":"https:\/\/www.todoeldia.com\/?p=68534"},"modified":"2023-11-24T21:04:41","modified_gmt":"2023-11-25T00:04:41","slug":"patron-de-estancia-explotaba-a-santiaguenos-y-saltenos-en-una-finca-en-campo-duran","status":"publish","type":"post","link":"https:\/\/www.todoeldia.com\/index.php\/2023\/11\/24\/patron-de-estancia-explotaba-a-santiaguenos-y-saltenos-en-una-finca-en-campo-duran\/","title":{"rendered":"Patr\u00f3n de estancia explotaba a santiague\u00f1os y salte\u00f1os en una finca en Campo Duran \u00a0"},"content":{"rendered":"\n<p>La Divisi\u00f3n Prevenci\u00f3n y Lucha Contra la Trata de Personas, bajo la direcci\u00f3n de la Fiscal\u00eda Federal de Tartagal, logr\u00f3 rescatar a siete personas que se encontraban en condiciones infrahumanas en una finca de la localidad de Campo Dur\u00e1n, en el Dpto. Gral. San Mart\u00edn.\u00a0 Se trat\u00f3 de un importante trabajo coordinado con otros organismos y fuerzas nacionales.<\/p>\n\n\n\n<figure class=\"wp-block-image size-large is-resized\"><img loading=\"lazy\" decoding=\"async\" width=\"768\" height=\"1024\" src=\"https:\/\/www.todoeldia.com\/wp-content\/uploads\/2023\/11\/image-146-768x1024.png\" alt=\"\" class=\"wp-image-68536\" style=\"width:914px;height:auto\" srcset=\"https:\/\/www.todoeldia.com\/wp-content\/uploads\/2023\/11\/image-146-768x1024.png 768w, https:\/\/www.todoeldia.com\/wp-content\/uploads\/2023\/11\/image-146-225x300.png 225w, https:\/\/www.todoeldia.com\/wp-content\/uploads\/2023\/11\/image-146-300x400.png 300w, https:\/\/www.todoeldia.com\/wp-content\/uploads\/2023\/11\/image-146-696x928.png 696w, https:\/\/www.todoeldia.com\/wp-content\/uploads\/2023\/11\/image-146-315x420.png 315w, https:\/\/www.todoeldia.com\/wp-content\/uploads\/2023\/11\/image-146.png 960w\" sizes=\"auto, (max-width: 768px) 100vw, 768px\" \/><\/figure>\n\n\n\n<p>Ayer, la Polic\u00eda de Salta a trav\u00e9s de la Divisi\u00f3n Trata de Personas llev\u00f3 a delante un trabajo coordinado con AFIP, Secretar\u00eda de Trabajo, Gendarmer\u00eda Nacional y RENATRE, dando cumplimiento a lo dispuesto por el Juzgado Federal de Tartagal, para fiscalizar una finca de 5.200 hect\u00e1reas ubicada en ruta provincial N\u00b0 54 de Campo Dur\u00e1n.<\/p>\n\n\n\n<p>En el lugar se rescat\u00f3 a siete hombres mayores, cinco de ellos oriundos del Departamento de Anta y dos de la provincia de Santiago del Estero, v\u00edctimas del delito de trata de personas con fines de explotaci\u00f3n laboral.<\/p>\n\n\n\n<figure class=\"wp-block-image size-full is-resized\"><img loading=\"lazy\" decoding=\"async\" width=\"768\" height=\"1024\" src=\"https:\/\/www.todoeldia.com\/wp-content\/uploads\/2023\/11\/image-147.png\" alt=\"\" class=\"wp-image-68537\" style=\"width:914px;height:auto\" srcset=\"https:\/\/www.todoeldia.com\/wp-content\/uploads\/2023\/11\/image-147.png 768w, https:\/\/www.todoeldia.com\/wp-content\/uploads\/2023\/11\/image-147-225x300.png 225w, https:\/\/www.todoeldia.com\/wp-content\/uploads\/2023\/11\/image-147-300x400.png 300w, https:\/\/www.todoeldia.com\/wp-content\/uploads\/2023\/11\/image-147-696x928.png 696w, https:\/\/www.todoeldia.com\/wp-content\/uploads\/2023\/11\/image-147-315x420.png 315w\" sizes=\"auto, (max-width: 768px) 100vw, 768px\" \/><\/figure>\n\n\n\n<p>Se pudo constar que estas personas se encontraban realizando tareas de deschampe, consistente en el corte de troncos y desraizado de la vegetaci\u00f3n del terreno. Dichas actividades eran llevadas a cabo desde hace tres meses en forma voluntaria dada la situaci\u00f3n de extrema necesidad de los obreros, quienes ya hab\u00edan realizado el trabajo en 220 hect\u00e1reas con una imposici\u00f3n de extensas jornadas laborales, de las cuales no percibieron remuneraci\u00f3n alguna.<\/p>\n\n\n\n<figure class=\"wp-block-image size-full is-resized\"><img loading=\"lazy\" decoding=\"async\" width=\"768\" height=\"1024\" src=\"https:\/\/www.todoeldia.com\/wp-content\/uploads\/2023\/11\/image-148.png\" alt=\"\" class=\"wp-image-68538\" style=\"width:914px;height:auto\" srcset=\"https:\/\/www.todoeldia.com\/wp-content\/uploads\/2023\/11\/image-148.png 768w, https:\/\/www.todoeldia.com\/wp-content\/uploads\/2023\/11\/image-148-225x300.png 225w, https:\/\/www.todoeldia.com\/wp-content\/uploads\/2023\/11\/image-148-300x400.png 300w, https:\/\/www.todoeldia.com\/wp-content\/uploads\/2023\/11\/image-148-696x928.png 696w, https:\/\/www.todoeldia.com\/wp-content\/uploads\/2023\/11\/image-148-315x420.png 315w\" sizes=\"auto, (max-width: 768px) 100vw, 768px\" \/><\/figure>\n\n\n\n<p>Asimismo, los uniformados observaron que el lugar se encontraba en condiciones deplorables de seguridad e higiene, de hacinamiento, precariedad, con ausencia de los servicios b\u00e1sicos como ser agua potable, luz, etc.<\/p>\n\n\n\n<p>Ante esta situaci\u00f3n, se dio intervenci\u00f3n a personal de la Oficina de Rescate y Acompa\u00f1amiento de las V\u00edctimas damnificadas por el Delito de Trata de Personas quien realiz\u00f3 el traslado de las personas al albergue.<\/p>\n","protected":false},"excerpt":{"rendered":"<p>La Divisi\u00f3n Prevenci\u00f3n y Lucha Contra la Trata de Personas, bajo la direcci\u00f3n de la Fiscal\u00eda Federal de Tartagal, logr\u00f3 rescatar a siete personas que se encontraban en condiciones infrahumanas en una finca de la localidad de Campo Dur\u00e1n, en el Dpto. Gral. San Mart\u00edn.\u00a0 Se trat\u00f3 de un importante trabajo coordinado con otros organismos [&hellip;]<\/p>\n","protected":false},"author":2,"featured_media":68535,"comment_status":"open","ping_status":"open","sticky":false,"template":"","format":"standard","meta":{"tdm_status":"","tdm_grid_status":"","_joinchat":[],"footnotes":""},"categories":[63],"tags":[],"class_list":{"0":"post-68534","1":"post","2":"type-post","3":"status-publish","4":"format-standard","5":"has-post-thumbnail","7":"category-policiales"},"amp_enabled":true,"_links":{"self":[{"href":"https:\/\/www.todoeldia.com\/index.php\/wp-json\/wp\/v2\/posts\/68534","targetHints":{"allow":["GET"]}}],"collection":[{"href":"https:\/\/www.todoeldia.com\/index.php\/wp-json\/wp\/v2\/posts"}],"about":[{"href":"https:\/\/www.todoeldia.com\/index.php\/wp-json\/wp\/v2\/types\/post"}],"author":[{"embeddable":true,"href":"https:\/\/www.todoeldia.com\/index.php\/wp-json\/wp\/v2\/users\/2"}],"replies":[{"embeddable":true,"href":"https:\/\/www.todoeldia.com\/index.php\/wp-json\/wp\/v2\/comments?post=68534"}],"version-history":[{"count":1,"href":"https:\/\/www.todoeldia.com\/index.php\/wp-json\/wp\/v2\/posts\/68534\/revisions"}],"predecessor-version":[{"id":68539,"href":"https:\/\/www.todoeldia.com\/index.php\/wp-json\/wp\/v2\/posts\/68534\/revisions\/68539"}],"wp:featuredmedia":[{"embeddable":true,"href":"https:\/\/www.todoeldia.com\/index.php\/wp-json\/wp\/v2\/media\/68535"}],"wp:attachment":[{"href":"https:\/\/www.todoeldia.com\/index.php\/wp-json\/wp\/v2\/media?parent=68534"}],"wp:term":[{"taxonomy":"category","embeddable":true,"href":"https:\/\/www.todoeldia.com\/index.php\/wp-json\/wp\/v2\/categories?post=68534"},{"taxonomy":"post_tag","embeddable":true,"href":"https:\/\/www.todoeldia.com\/index.php\/wp-json\/wp\/v2\/tags?post=68534"}],"curies":[{"name":"wp","href":"https:\/\/api.w.org\/{rel}","templated":true}]}}