{"id":68647,"date":"2023-11-27T12:39:02","date_gmt":"2023-11-27T15:39:02","guid":{"rendered":"https:\/\/www.todoeldia.com\/?p=68647"},"modified":"2023-11-27T12:46:38","modified_gmt":"2023-11-27T15:46:38","slug":"tenia-26-anos-y-murio-en-la-cancha-jugando-al-futbol-5-en-la-zona-sur-de-la-ciudad","status":"publish","type":"post","link":"https:\/\/www.todoeldia.com\/index.php\/2023\/11\/27\/tenia-26-anos-y-murio-en-la-cancha-jugando-al-futbol-5-en-la-zona-sur-de-la-ciudad\/","title":{"rendered":"Ten\u00eda 26 a\u00f1os y muri\u00f3 en la cancha jugando al futbol 5 en la zona sur de la ciudad"},"content":{"rendered":"\n<p>El pasado s\u00e1bado por la tarde, un hombre de 26 a\u00f1os que participaba en un partido de f\u00fatbol 5 en la zona sur de la ciudad de Salta sufri\u00f3 una descompensaci\u00f3n. Tr\u00e1gicamente, falleci\u00f3 antes de poder recibir asistencia.<\/p>\n\n\n\n<p>El fiscal penal 2 de la Unidad de Graves Atentados contra las Personas en turno, Gabriel Gonz\u00e1lez, tom\u00f3 intervenci\u00f3n ante el reporte del fallecimiento de un hombre de 26 a\u00f1os. El hecho ocurri\u00f3 en circunstancias en que el joven sufri\u00f3 una descompensaci\u00f3n durante un partido de f\u00fatbol 5 en una cancha de la zona sur de la ciudad de Salta, tras lo cual fue trasladado al hospital San Bernardo.<\/p>\n\n\n\n<p>Desde la Fiscal\u00eda se dispuso el cumplimiento de numerosas medidas tendientes a determinar la causa del deceso del joven, tales como el relevamiento de testimonios de testigos presentes en el lugar, la revisi\u00f3n de grabaciones de c\u00e1maras de seguridad y filmaciones particulares, as\u00ed como de ex\u00e1menes m\u00e9dicos pertinentes.<\/p>\n","protected":false},"excerpt":{"rendered":"<p>El pasado s\u00e1bado por la tarde, un hombre de 26 a\u00f1os que participaba en un partido de f\u00fatbol 5 en la zona sur de la ciudad de Salta sufri\u00f3 una descompensaci\u00f3n. Tr\u00e1gicamente, falleci\u00f3 antes de poder recibir asistencia. El fiscal penal 2 de la Unidad de Graves Atentados contra las Personas en turno, Gabriel Gonz\u00e1lez, [&hellip;]<\/p>\n","protected":false},"author":2,"featured_media":68648,"comment_status":"open","ping_status":"open","sticky":false,"template":"","format":"standard","meta":{"tdm_status":"","tdm_grid_status":"","_joinchat":[],"footnotes":""},"categories":[63],"tags":[],"class_list":{"0":"post-68647","1":"post","2":"type-post","3":"status-publish","4":"format-standard","5":"has-post-thumbnail","7":"category-policiales"},"amp_enabled":true,"_links":{"self":[{"href":"https:\/\/www.todoeldia.com\/index.php\/wp-json\/wp\/v2\/posts\/68647","targetHints":{"allow":["GET"]}}],"collection":[{"href":"https:\/\/www.todoeldia.com\/index.php\/wp-json\/wp\/v2\/posts"}],"about":[{"href":"https:\/\/www.todoeldia.com\/index.php\/wp-json\/wp\/v2\/types\/post"}],"author":[{"embeddable":true,"href":"https:\/\/www.todoeldia.com\/index.php\/wp-json\/wp\/v2\/users\/2"}],"replies":[{"embeddable":true,"href":"https:\/\/www.todoeldia.com\/index.php\/wp-json\/wp\/v2\/comments?post=68647"}],"version-history":[{"count":1,"href":"https:\/\/www.todoeldia.com\/index.php\/wp-json\/wp\/v2\/posts\/68647\/revisions"}],"predecessor-version":[{"id":68649,"href":"https:\/\/www.todoeldia.com\/index.php\/wp-json\/wp\/v2\/posts\/68647\/revisions\/68649"}],"wp:featuredmedia":[{"embeddable":true,"href":"https:\/\/www.todoeldia.com\/index.php\/wp-json\/wp\/v2\/media\/68648"}],"wp:attachment":[{"href":"https:\/\/www.todoeldia.com\/index.php\/wp-json\/wp\/v2\/media?parent=68647"}],"wp:term":[{"taxonomy":"category","embeddable":true,"href":"https:\/\/www.todoeldia.com\/index.php\/wp-json\/wp\/v2\/categories?post=68647"},{"taxonomy":"post_tag","embeddable":true,"href":"https:\/\/www.todoeldia.com\/index.php\/wp-json\/wp\/v2\/tags?post=68647"}],"curies":[{"name":"wp","href":"https:\/\/api.w.org\/{rel}","templated":true}]}}