{"id":68663,"date":"2023-11-27T14:36:30","date_gmt":"2023-11-27T17:36:30","guid":{"rendered":"https:\/\/www.todoeldia.com\/?p=68663"},"modified":"2023-11-27T14:36:32","modified_gmt":"2023-11-27T17:36:32","slug":"estan-presos-dos-delincuentes-que-robaron-en-una-escuela-de-oran","status":"publish","type":"post","link":"https:\/\/www.todoeldia.com\/index.php\/2023\/11\/27\/estan-presos-dos-delincuentes-que-robaron-en-una-escuela-de-oran\/","title":{"rendered":"Est\u00e1n presos dos delincuentes que robaron en una escuela de Or\u00e1n"},"content":{"rendered":"\n<p>Ayer, efectivos de la Direcci\u00f3n de Unidad Regional N\u00b0 2 Or\u00e1n lograron la aprehensi\u00f3n de dos sujetos que estar\u00edan involucrados al robo en un establecimiento educativo. Se recuperaron diversos elementos.<\/p>\n\n\n\n<p>Minutos despu\u00e9s de las 16, efectivos de Comisaria N\u00b0 1 de Oran que realizaban patrullaje preventivo, al hacer paso por calle Zarate y Egues observaron a dos sujetos que llevaban elementos en sus manos, al notar la presencia policial uno de ellos se dio a la fuga, procediendo a demorar a uno de ellos que quedo en el lugar.<\/p>\n\n\n\n<p>En esos momentos una persona en motocicleta se acerc\u00f3 y se\u00f1alo al demorado manifestando que junto al otro sujeto habr\u00edan sustra\u00eddo elementos de un establecimiento educativo momentos antes. Procedi\u00e9ndose al secuestro un parlante, vajilla y \u00fatiles escolares.<\/p>\n\n\n\n<p>A posterior con la colaboraci\u00f3n de personal de la Brigada de Investigaciones se logr\u00f3 la aprehensi\u00f3n del segundo sospechoso, y el recupero de un televisor que hab\u00eda sido oculto en un descampado cercano a la escuela.<\/p>\n\n\n\n<p>Los demorados, dos j\u00f3venes de 18 y 21 a\u00f1os, quedaron junto al secuestro a disposici\u00f3n del magistrado interviniente.<\/p>\n","protected":false},"excerpt":{"rendered":"<p>Ayer, efectivos de la Direcci\u00f3n de Unidad Regional N\u00b0 2 Or\u00e1n lograron la aprehensi\u00f3n de dos sujetos que estar\u00edan involucrados al robo en un establecimiento educativo. Se recuperaron diversos elementos. Minutos despu\u00e9s de las 16, efectivos de Comisaria N\u00b0 1 de Oran que realizaban patrullaje preventivo, al hacer paso por calle Zarate y Egues observaron [&hellip;]<\/p>\n","protected":false},"author":2,"featured_media":68664,"comment_status":"open","ping_status":"open","sticky":false,"template":"","format":"standard","meta":{"tdm_status":"","tdm_grid_status":"","_joinchat":[],"footnotes":""},"categories":[63],"tags":[],"class_list":{"0":"post-68663","1":"post","2":"type-post","3":"status-publish","4":"format-standard","5":"has-post-thumbnail","7":"category-policiales"},"amp_enabled":true,"_links":{"self":[{"href":"https:\/\/www.todoeldia.com\/index.php\/wp-json\/wp\/v2\/posts\/68663","targetHints":{"allow":["GET"]}}],"collection":[{"href":"https:\/\/www.todoeldia.com\/index.php\/wp-json\/wp\/v2\/posts"}],"about":[{"href":"https:\/\/www.todoeldia.com\/index.php\/wp-json\/wp\/v2\/types\/post"}],"author":[{"embeddable":true,"href":"https:\/\/www.todoeldia.com\/index.php\/wp-json\/wp\/v2\/users\/2"}],"replies":[{"embeddable":true,"href":"https:\/\/www.todoeldia.com\/index.php\/wp-json\/wp\/v2\/comments?post=68663"}],"version-history":[{"count":1,"href":"https:\/\/www.todoeldia.com\/index.php\/wp-json\/wp\/v2\/posts\/68663\/revisions"}],"predecessor-version":[{"id":68665,"href":"https:\/\/www.todoeldia.com\/index.php\/wp-json\/wp\/v2\/posts\/68663\/revisions\/68665"}],"wp:featuredmedia":[{"embeddable":true,"href":"https:\/\/www.todoeldia.com\/index.php\/wp-json\/wp\/v2\/media\/68664"}],"wp:attachment":[{"href":"https:\/\/www.todoeldia.com\/index.php\/wp-json\/wp\/v2\/media?parent=68663"}],"wp:term":[{"taxonomy":"category","embeddable":true,"href":"https:\/\/www.todoeldia.com\/index.php\/wp-json\/wp\/v2\/categories?post=68663"},{"taxonomy":"post_tag","embeddable":true,"href":"https:\/\/www.todoeldia.com\/index.php\/wp-json\/wp\/v2\/tags?post=68663"}],"curies":[{"name":"wp","href":"https:\/\/api.w.org\/{rel}","templated":true}]}}